{"id":9564,"date":"2023-09-22T07:56:31","date_gmt":"2023-09-22T06:56:31","guid":{"rendered":"https:\/\/www.andrina.de\/?p=9564"},"modified":"2023-10-25T09:20:06","modified_gmt":"2023-10-25T08:20:06","slug":"herbstlicher-duft-im-glas","status":"publish","type":"post","link":"https:\/\/www.andrina.de\/index.php\/herbstlicher-duft-im-glas\/","title":{"rendered":"Herbstlicher Duft im Glas: Mit Orange und Zimt f\u00fcr ein gem\u00fctliches Zuhause"},"content":{"rendered":"<p>Es f\u00fchlt sich langsam an wie Herbst, die gem\u00fctliche Zeit des Jahres, in der wir uns nach wohligen D\u00fcften und einer warmen Atmosph\u00e4re in unserem Zuhause sehnen.<\/p>\n<p>Mit herbstlichen Raumduftmischungen auf Natronbasis kannst du ganz einfach eine angenehme Duftumgebung schaffen. Sie sind eine unkomplizierte und schnelle M\u00f6glichkeit, deinem Zuhause einen angenehmen Duft zu verleihen.<\/p>\n<p>Diese Anleitung zeigt dir, wie du einen herbstlichen Duft f\u00fcr Zuhause selbst herstellen kannst!<\/p>\n<h4><img decoding=\"async\" loading=\"lazy\" class=\" wp-image-9663 alignright\" src=\"https:\/\/www.andrina.de\/wp-content\/uploads\/2023\/09\/duftglas-249x300.jpeg\" alt=\"\" width=\"342\" height=\"412\" srcset=\"https:\/\/www.andrina.de\/wp-content\/uploads\/2023\/09\/duftglas-249x300.jpeg 249w, https:\/\/www.andrina.de\/wp-content\/uploads\/2023\/09\/duftglas-851x1024.jpeg 851w, https:\/\/www.andrina.de\/wp-content\/uploads\/2023\/09\/duftglas-125x150.jpeg 125w, https:\/\/www.andrina.de\/wp-content\/uploads\/2023\/09\/duftglas-768x924.jpeg 768w, https:\/\/www.andrina.de\/wp-content\/uploads\/2023\/09\/duftglas-570x686.jpeg 570w, https:\/\/www.andrina.de\/wp-content\/uploads\/2023\/09\/duftglas.jpeg 1277w\" sizes=\"(max-width: 342px) 100vw, 342px\" \/><\/h4>\n<h4>So wirds gemacht:<\/h4>\n<h5><strong>Zutaten:<\/strong><\/h5>\n<ul>\n<li><a href=\"https:\/\/www.purux.de\/kaufen\/natron\/83\/natron-pulver-5kg-1kg-bonus-lebensmittelqualitaet-nachhaltig-verpackt?sPartner=b0adb684\">1 \/2 &#8211; 1 Tasse Natron<\/a><\/li>\n<li>\u00c4therische \u00d6le z.B. Zimt\u00f6l, Nelken\u00f6l, Orangen\u00f6l, Vanille\u00f6l, Lavendel\u00f6l<\/li>\n<li>etwas Zimt gemahlen<\/li>\n<li>ein Schraubglas<\/li>\n<li>Gummiband<\/li>\n<li>Baumwollstoff<\/li>\n<li>als Dekoration: Zimtstange; Nelken;\u00a0getrocknete Orangenscheiben<\/li>\n<li>Alternativ: Dekob\u00e4nder, getrocknete Blumen usw.<\/li>\n<\/ul>\n<h5><strong>Anleitung:<\/strong><\/h5>\n<ol>\n<li><strong>Natron mischen:<\/strong> Nimm eine Sch\u00fcssel und gib die gew\u00fcnschte Menge<a href=\"https:\/\/www.purux.de\/kaufen\/natron\/83\/natron-pulver-5kg-1kg-bonus-lebensmittelqualitaet-nachhaltig-verpackt?sPartner=b0adb684\"> Natron<\/a> hinein. Die Menge h\u00e4ngt von der Gr\u00f6\u00dfe des Raums ab, den du beduften m\u00f6chtest. In der Regel sind eine halbe Tasse bis eine Tasse Natron ausreichend.<\/li>\n<li><strong>\u00c4therische \u00d6le hinzuf\u00fcgen:<\/strong> Tr\u00f6pfle einige Tropfen der ausgew\u00e4hlten herbstlichen \u00e4therischen \u00d6le direkt in das Natron. Starte mit etwa 10-15 Tropfen \u00e4therisches \u00d6l pro halber Tasse <a href=\"https:\/\/www.purux.de\/kaufen\/natron\/83\/natron-pulver-5kg-1kg-bonus-lebensmittelqualitaet-nachhaltig-verpackt?sPartner=b0adb684\">Natron<\/a> und passe die Menge nach deinem Geschmack an. Vermenge das Natron gr\u00fcndlich mit den \u00e4therischen \u00d6len, um den Duft gleichm\u00e4\u00dfig zu verteilen.<\/li>\n<li><strong>Trocknen lassen:<\/strong> Lasse die Mischung aus <a href=\"https:\/\/www.purux.de\/kaufen\/natron\/83\/natron-pulver-5kg-1kg-bonus-lebensmittelqualitaet-nachhaltig-verpackt?sPartner=b0adb684\">Natron<\/a> und \u00e4therischen \u00d6len f\u00fcr einige Stunden oder \u00fcber Nacht trocknen. Dies erm\u00f6glicht es dem Natron, den Duft aufzunehmen und zu verbreiten.<\/li>\n<li><strong>Anwendung:<\/strong> Platziere die getrocknete Mischung in einem offenes Schraubglas in dem Raum, den du beduften m\u00f6chtest. Als zus\u00e4tzliche Deko kannst du noch Zimtstangen oder andere Dekoration in das Glas legen.Alternativ kannst du auch kleine Beutel mit L\u00f6chern verwenden oder die Mischung in dekorative Schalen f\u00fcllen. <img decoding=\"async\" loading=\"lazy\" class=\" wp-image-9664 aligncenter\" src=\"https:\/\/www.andrina.de\/wp-content\/uploads\/2023\/09\/duftglas1-300x274.jpeg\" alt=\"\" width=\"477\" height=\"436\" srcset=\"https:\/\/www.andrina.de\/wp-content\/uploads\/2023\/09\/duftglas1-300x274.jpeg 300w, https:\/\/www.andrina.de\/wp-content\/uploads\/2023\/09\/duftglas1-1024x934.jpeg 1024w, https:\/\/www.andrina.de\/wp-content\/uploads\/2023\/09\/duftglas1-150x137.jpeg 150w, https:\/\/www.andrina.de\/wp-content\/uploads\/2023\/09\/duftglas1-768x700.jpeg 768w, https:\/\/www.andrina.de\/wp-content\/uploads\/2023\/09\/duftglas1-1536x1400.jpeg 1536w, https:\/\/www.andrina.de\/wp-content\/uploads\/2023\/09\/duftglas1-570x520.jpeg 570w, https:\/\/www.andrina.de\/wp-content\/uploads\/2023\/09\/duftglas1.jpeg 1904w\" sizes=\"(max-width: 477px) 100vw, 477px\" \/><\/li>\n<\/ol>\n<h4>Tipp:<\/h4>\n<p>Sollte der Duft deiner herbstlichen Mischung im Laufe der Zeit nachlassen, kannst du einfach ein paar zus\u00e4tzliche Tropfen der herbstlichen \u00e4therischen \u00d6le hinzuf\u00fcgen, um ihn aufzufrischen. Das ist eine einfache und effektive Methode, um sicherzustellen, dass dein Zuhause weiterhin nach Herbst duftet und die gem\u00fctliche Atmosph\u00e4re bewahrt wird.<\/p>\n<p>Ganz nach Bedarf kannst du den Duft individuell anpassen und genie\u00dfen.<\/p>\n<p><strong>So kannst du auch je nach Vorlieben und Stimmung unterschiedliche D\u00fcfte mischen, um deine eigene individuelle Raumduftmischung zu kreieren.<\/strong><\/p>\n<p>Ihr m\u00f6chtet keinen Tipp mehr verpassen? Dann meldet euch doch f\u00fcr die\u00a0<a href=\"https:\/\/www.andrina.de\/index.php\/briefe\/\">Briefe von Andrina.de<\/a>\u00a0an. Damit erhaltet ihr einmal im Monat einen virtuellen Brief von uns.<\/p>\n","protected":false},"excerpt":{"rendered":"<p>Es f\u00fchlt sich langsam an wie Herbst, die gem\u00fctliche Zeit des Jahres, in der wir uns nach wohligen D\u00fcften und einer warmen Atmosph\u00e4re in unserem Zuhause sehnen. Mit herbstlichen Raumduftmischungen auf Natronbasis kannst du ganz einfach eine angenehme Duftumgebung schaffen. Sie sind eine unkomplizierte und schnelle M\u00f6glichkeit, deinem Zuhause einen angenehmen Duft zu verleihen. Diese [&hellip;]<\/p>\n","protected":false},"author":2,"featured_media":9664,"comment_status":"open","ping_status":"open","sticky":false,"template":"","format":"standard","meta":{"footnotes":""},"categories":[9,23,5,272,271],"tags":[369,14,368],"post_format":[],"yoast_head":"<!-- This site is optimized with the Yoast SEO plugin v21.4 - https:\/\/yoast.com\/wordpress\/plugins\/seo\/ -->\n<title>Herbstlicher Duft im Glas: Mit Orange und Zimt f\u00fcr ein gem\u00fctliches Zuhause - Andrina.de<\/title>\n<meta name=\"description\" content=\"Erfahre, wie du mit herbstlichen Raumduftmischungen auf Natronbasis im Handumdrehen eine gem\u00fctliche Atmosph\u00e4re in deinem Zuhause schaffen kannst.\" \/>\n<meta name=\"robots\" content=\"index, follow, max-snippet:-1, max-image-preview:large, max-video-preview:-1\" \/>\n<link rel=\"canonical\" href=\"https:\/\/www.andrina.de\/index.php\/herbstlicher-duft-im-glas\/\" \/>\n<meta property=\"og:locale\" content=\"de_DE\" \/>\n<meta property=\"og:type\" content=\"article\" \/>\n<meta property=\"og:title\" content=\"Herbstlicher Duft im Glas: Mit Orange und Zimt f\u00fcr ein gem\u00fctliches Zuhause - Andrina.de\" \/>\n<meta property=\"og:description\" content=\"Erfahre, wie du mit herbstlichen Raumduftmischungen auf Natronbasis im Handumdrehen eine gem\u00fctliche Atmosph\u00e4re in deinem Zuhause schaffen kannst.\" \/>\n<meta property=\"og:url\" content=\"https:\/\/www.andrina.de\/index.php\/herbstlicher-duft-im-glas\/\" \/>\n<meta property=\"og:site_name\" content=\"Andrina.de\" \/>\n<meta property=\"article:published_time\" content=\"2023-09-22T06:56:31+00:00\" \/>\n<meta property=\"article:modified_time\" content=\"2023-10-25T08:20:06+00:00\" \/>\n<meta property=\"og:image\" content=\"https:\/\/www.andrina.de\/wp-content\/uploads\/2023\/09\/duftglas1.jpeg\" \/>\n\t<meta property=\"og:image:width\" content=\"1904\" \/>\n\t<meta property=\"og:image:height\" content=\"1736\" \/>\n\t<meta property=\"og:image:type\" content=\"image\/jpeg\" \/>\n<meta name=\"author\" content=\"Andrea\" \/>\n<meta name=\"twitter:card\" content=\"summary_large_image\" \/>\n<meta name=\"twitter:label1\" content=\"Written by\" \/>\n\t<meta name=\"twitter:data1\" content=\"Andrea\" \/>\n\t<meta name=\"twitter:label2\" content=\"Est. reading time\" \/>\n\t<meta name=\"twitter:data2\" content=\"3 minutes\" \/>\n<script type=\"application\/ld+json\" class=\"yoast-schema-graph\">{\"@context\":\"https:\/\/schema.org\",\"@graph\":[{\"@type\":\"Article\",\"@id\":\"https:\/\/www.andrina.de\/index.php\/herbstlicher-duft-im-glas\/#article\",\"isPartOf\":{\"@id\":\"https:\/\/www.andrina.de\/index.php\/herbstlicher-duft-im-glas\/\"},\"author\":{\"name\":\"Andrea\",\"@id\":\"https:\/\/www.andrina.de\/#\/schema\/person\/f274a8f7ace93f1eb49f0b5601c26b12\"},\"headline\":\"Herbstlicher Duft im Glas: Mit Orange und Zimt f\u00fcr ein gem\u00fctliches Zuhause\",\"datePublished\":\"2023-09-22T06:56:31+00:00\",\"dateModified\":\"2023-10-25T08:20:06+00:00\",\"mainEntityOfPage\":{\"@id\":\"https:\/\/www.andrina.de\/index.php\/herbstlicher-duft-im-glas\/\"},\"wordCount\":419,\"commentCount\":0,\"publisher\":{\"@id\":\"https:\/\/www.andrina.de\/#organization\"},\"keywords\":[\"Duft im Glas\",\"Natron\",\"Raumduft\"],\"articleSection\":[\"Artikel\",\"Geschenkideen\",\"Kreative Ecke\",\"Natron\",\"Tipps\"],\"inLanguage\":\"de\",\"potentialAction\":[{\"@type\":\"CommentAction\",\"name\":\"Comment\",\"target\":[\"https:\/\/www.andrina.de\/index.php\/herbstlicher-duft-im-glas\/#respond\"]}]},{\"@type\":\"WebPage\",\"@id\":\"https:\/\/www.andrina.de\/index.php\/herbstlicher-duft-im-glas\/\",\"url\":\"https:\/\/www.andrina.de\/index.php\/herbstlicher-duft-im-glas\/\",\"name\":\"Herbstlicher Duft im Glas: Mit Orange und Zimt f\u00fcr ein gem\u00fctliches Zuhause - Andrina.de\",\"isPartOf\":{\"@id\":\"https:\/\/www.andrina.de\/#website\"},\"datePublished\":\"2023-09-22T06:56:31+00:00\",\"dateModified\":\"2023-10-25T08:20:06+00:00\",\"description\":\"Erfahre, wie du mit herbstlichen Raumduftmischungen auf Natronbasis im Handumdrehen eine gem\u00fctliche Atmosph\u00e4re in deinem Zuhause schaffen kannst.\",\"breadcrumb\":{\"@id\":\"https:\/\/www.andrina.de\/index.php\/herbstlicher-duft-im-glas\/#breadcrumb\"},\"inLanguage\":\"de\",\"potentialAction\":[{\"@type\":\"ReadAction\",\"target\":[\"https:\/\/www.andrina.de\/index.php\/herbstlicher-duft-im-glas\/\"]}]},{\"@type\":\"BreadcrumbList\",\"@id\":\"https:\/\/www.andrina.de\/index.php\/herbstlicher-duft-im-glas\/#breadcrumb\",\"itemListElement\":[{\"@type\":\"ListItem\",\"position\":1,\"name\":\"Home\",\"item\":\"https:\/\/www.andrina.de\/\"},{\"@type\":\"ListItem\",\"position\":2,\"name\":\"Herbstlicher Duft im Glas: Mit Orange und Zimt f\u00fcr ein gem\u00fctliches Zuhause\"}]},{\"@type\":\"WebSite\",\"@id\":\"https:\/\/www.andrina.de\/#website\",\"url\":\"https:\/\/www.andrina.de\/\",\"name\":\"Andrina.de\",\"description\":\"Blogazine gesponsert von purux\",\"publisher\":{\"@id\":\"https:\/\/www.andrina.de\/#organization\"},\"potentialAction\":[{\"@type\":\"SearchAction\",\"target\":{\"@type\":\"EntryPoint\",\"urlTemplate\":\"https:\/\/www.andrina.de\/?s={search_term_string}\"},\"query-input\":\"required name=search_term_string\"}],\"inLanguage\":\"de\"},{\"@type\":\"Organization\",\"@id\":\"https:\/\/www.andrina.de\/#organization\",\"name\":\"Andrina.de\",\"url\":\"https:\/\/www.andrina.de\/\",\"logo\":{\"@type\":\"ImageObject\",\"inLanguage\":\"de\",\"@id\":\"https:\/\/www.andrina.de\/#\/schema\/logo\/image\/\",\"url\":\"https:\/\/www.andrina.de\/wp-content\/uploads\/2020\/09\/cropped-Andrina.de_Logo_final-2.png\",\"contentUrl\":\"https:\/\/www.andrina.de\/wp-content\/uploads\/2020\/09\/cropped-Andrina.de_Logo_final-2.png\",\"width\":1042,\"height\":984,\"caption\":\"Andrina.de\"},\"image\":{\"@id\":\"https:\/\/www.andrina.de\/#\/schema\/logo\/image\/\"}},{\"@type\":\"Person\",\"@id\":\"https:\/\/www.andrina.de\/#\/schema\/person\/f274a8f7ace93f1eb49f0b5601c26b12\",\"name\":\"Andrea\",\"image\":{\"@type\":\"ImageObject\",\"inLanguage\":\"de\",\"@id\":\"https:\/\/www.andrina.de\/#\/schema\/person\/image\/\",\"url\":\"https:\/\/secure.gravatar.com\/avatar\/2834dcd6bfff12c55bf81682f16c1fb0?s=96&d=blank&r=g\",\"contentUrl\":\"https:\/\/secure.gravatar.com\/avatar\/2834dcd6bfff12c55bf81682f16c1fb0?s=96&d=blank&r=g\",\"caption\":\"Andrea\"},\"description\":\"Autorin, Fotografin, Social Media Spezialistin.\",\"url\":\"https:\/\/www.andrina.de\/index.php\/author\/andrina\/\"}]}<\/script>\n<!-- \/ Yoast SEO plugin. -->","yoast_head_json":{"title":"Herbstlicher Duft im Glas: Mit Orange und Zimt f\u00fcr ein gem\u00fctliches Zuhause - Andrina.de","description":"Erfahre, wie du mit herbstlichen Raumduftmischungen auf Natronbasis im Handumdrehen eine gem\u00fctliche Atmosph\u00e4re in deinem Zuhause schaffen kannst.","robots":{"index":"index","follow":"follow","max-snippet":"max-snippet:-1","max-image-preview":"max-image-preview:large","max-video-preview":"max-video-preview:-1"},"canonical":"https:\/\/www.andrina.de\/index.php\/herbstlicher-duft-im-glas\/","og_locale":"de_DE","og_type":"article","og_title":"Herbstlicher Duft im Glas: Mit Orange und Zimt f\u00fcr ein gem\u00fctliches Zuhause - Andrina.de","og_description":"Erfahre, wie du mit herbstlichen Raumduftmischungen auf Natronbasis im Handumdrehen eine gem\u00fctliche Atmosph\u00e4re in deinem Zuhause schaffen kannst.","og_url":"https:\/\/www.andrina.de\/index.php\/herbstlicher-duft-im-glas\/","og_site_name":"Andrina.de","article_published_time":"2023-09-22T06:56:31+00:00","article_modified_time":"2023-10-25T08:20:06+00:00","og_image":[{"width":1904,"height":1736,"url":"https:\/\/www.andrina.de\/wp-content\/uploads\/2023\/09\/duftglas1.jpeg","type":"image\/jpeg"}],"author":"Andrea","twitter_card":"summary_large_image","twitter_misc":{"Written by":"Andrea","Est. reading time":"3 minutes"},"schema":{"@context":"https:\/\/schema.org","@graph":[{"@type":"Article","@id":"https:\/\/www.andrina.de\/index.php\/herbstlicher-duft-im-glas\/#article","isPartOf":{"@id":"https:\/\/www.andrina.de\/index.php\/herbstlicher-duft-im-glas\/"},"author":{"name":"Andrea","@id":"https:\/\/www.andrina.de\/#\/schema\/person\/f274a8f7ace93f1eb49f0b5601c26b12"},"headline":"Herbstlicher Duft im Glas: Mit Orange und Zimt f\u00fcr ein gem\u00fctliches Zuhause","datePublished":"2023-09-22T06:56:31+00:00","dateModified":"2023-10-25T08:20:06+00:00","mainEntityOfPage":{"@id":"https:\/\/www.andrina.de\/index.php\/herbstlicher-duft-im-glas\/"},"wordCount":419,"commentCount":0,"publisher":{"@id":"https:\/\/www.andrina.de\/#organization"},"keywords":["Duft im Glas","Natron","Raumduft"],"articleSection":["Artikel","Geschenkideen","Kreative Ecke","Natron","Tipps"],"inLanguage":"de","potentialAction":[{"@type":"CommentAction","name":"Comment","target":["https:\/\/www.andrina.de\/index.php\/herbstlicher-duft-im-glas\/#respond"]}]},{"@type":"WebPage","@id":"https:\/\/www.andrina.de\/index.php\/herbstlicher-duft-im-glas\/","url":"https:\/\/www.andrina.de\/index.php\/herbstlicher-duft-im-glas\/","name":"Herbstlicher Duft im Glas: Mit Orange und Zimt f\u00fcr ein gem\u00fctliches Zuhause - Andrina.de","isPartOf":{"@id":"https:\/\/www.andrina.de\/#website"},"datePublished":"2023-09-22T06:56:31+00:00","dateModified":"2023-10-25T08:20:06+00:00","description":"Erfahre, wie du mit herbstlichen Raumduftmischungen auf Natronbasis im Handumdrehen eine gem\u00fctliche Atmosph\u00e4re in deinem Zuhause schaffen kannst.","breadcrumb":{"@id":"https:\/\/www.andrina.de\/index.php\/herbstlicher-duft-im-glas\/#breadcrumb"},"inLanguage":"de","potentialAction":[{"@type":"ReadAction","target":["https:\/\/www.andrina.de\/index.php\/herbstlicher-duft-im-glas\/"]}]},{"@type":"BreadcrumbList","@id":"https:\/\/www.andrina.de\/index.php\/herbstlicher-duft-im-glas\/#breadcrumb","itemListElement":[{"@type":"ListItem","position":1,"name":"Home","item":"https:\/\/www.andrina.de\/"},{"@type":"ListItem","position":2,"name":"Herbstlicher Duft im Glas: Mit Orange und Zimt f\u00fcr ein gem\u00fctliches Zuhause"}]},{"@type":"WebSite","@id":"https:\/\/www.andrina.de\/#website","url":"https:\/\/www.andrina.de\/","name":"Andrina.de","description":"Blogazine gesponsert von purux","publisher":{"@id":"https:\/\/www.andrina.de\/#organization"},"potentialAction":[{"@type":"SearchAction","target":{"@type":"EntryPoint","urlTemplate":"https:\/\/www.andrina.de\/?s={search_term_string}"},"query-input":"required name=search_term_string"}],"inLanguage":"de"},{"@type":"Organization","@id":"https:\/\/www.andrina.de\/#organization","name":"Andrina.de","url":"https:\/\/www.andrina.de\/","logo":{"@type":"ImageObject","inLanguage":"de","@id":"https:\/\/www.andrina.de\/#\/schema\/logo\/image\/","url":"https:\/\/www.andrina.de\/wp-content\/uploads\/2020\/09\/cropped-Andrina.de_Logo_final-2.png","contentUrl":"https:\/\/www.andrina.de\/wp-content\/uploads\/2020\/09\/cropped-Andrina.de_Logo_final-2.png","width":1042,"height":984,"caption":"Andrina.de"},"image":{"@id":"https:\/\/www.andrina.de\/#\/schema\/logo\/image\/"}},{"@type":"Person","@id":"https:\/\/www.andrina.de\/#\/schema\/person\/f274a8f7ace93f1eb49f0b5601c26b12","name":"Andrea","image":{"@type":"ImageObject","inLanguage":"de","@id":"https:\/\/www.andrina.de\/#\/schema\/person\/image\/","url":"https:\/\/secure.gravatar.com\/avatar\/2834dcd6bfff12c55bf81682f16c1fb0?s=96&d=blank&r=g","contentUrl":"https:\/\/secure.gravatar.com\/avatar\/2834dcd6bfff12c55bf81682f16c1fb0?s=96&d=blank&r=g","caption":"Andrea"},"description":"Autorin, Fotografin, Social Media Spezialistin.","url":"https:\/\/www.andrina.de\/index.php\/author\/andrina\/"}]}},"_edit_lock":"1700481488:1","_edit_last":"1","layout_key":"","post_slider_check_key":"0","yarpp_meta":{"yarpp_display_for_this_post":1},"_yoast_wpseo_content_score":"90","_yoast_wpseo_estimated-reading-time-minutes":"3","tc-thumb-fld":{"_thumb_id":9664,"_thumb_type":"thumb"},"fpu-thumb-fld":{"_thumb_id":9664,"_thumb_type":"thumb"},"_yoast_wpseo_focuskw":"herbst","_yoast_wpseo_metadesc":"Erfahre, wie du mit herbstlichen Raumduftmischungen auf Natronbasis im Handumdrehen eine gem\u00fctliche Atmosph\u00e4re in deinem Zuhause schaffen kannst.","_yoast_wpseo_linkdex":"64","_yoast_wpseo_primary_category":"","_thumbnail_id":"9664","_yoast_wpseo_wordproof_timestamp":"","_wp_old_date":"","_wp_old_slug":"herbstlicher-duft-im-glas-mit-orange-und-zimt-fuer-ein-gemuetliches-zuhause","_yoast_wpseo_opengraph-image":"","_yoast_wpseo_opengraph-image-id":"","_yoast_wpseo_opengraph-title":"","_yoast_wpseo_opengraph-description":"","_yoast_wpseo_twitter-title":"","_yoast_wpseo_twitter-description":"","_oembed_cafb4eaa37915e2e85b1cdc01d543c63":"","_oembed_52de83b8f720eae89a85856717ec5546":"","_oembed_2d9fa4a87eea7049212c1880eff5a92e":"","_yoast_wpseo_title":"","_links":{"self":[{"href":"https:\/\/www.andrina.de\/index.php\/wp-json\/wp\/v2\/posts\/9564"}],"collection":[{"href":"https:\/\/www.andrina.de\/index.php\/wp-json\/wp\/v2\/posts"}],"about":[{"href":"https:\/\/www.andrina.de\/index.php\/wp-json\/wp\/v2\/types\/post"}],"author":[{"embeddable":true,"href":"https:\/\/www.andrina.de\/index.php\/wp-json\/wp\/v2\/users\/2"}],"replies":[{"embeddable":true,"href":"https:\/\/www.andrina.de\/index.php\/wp-json\/wp\/v2\/comments?post=9564"}],"version-history":[{"count":13,"href":"https:\/\/www.andrina.de\/index.php\/wp-json\/wp\/v2\/posts\/9564\/revisions"}],"predecessor-version":[{"id":11106,"href":"https:\/\/www.andrina.de\/index.php\/wp-json\/wp\/v2\/posts\/9564\/revisions\/11106"}],"wp:featuredmedia":[{"embeddable":true,"href":"https:\/\/www.andrina.de\/index.php\/wp-json\/wp\/v2\/media\/9664"}],"wp:attachment":[{"href":"https:\/\/www.andrina.de\/index.php\/wp-json\/wp\/v2\/media?parent=9564"}],"wp:term":[{"taxonomy":"category","embeddable":true,"href":"https:\/\/www.andrina.de\/index.php\/wp-json\/wp\/v2\/categories?post=9564"},{"taxonomy":"post_tag","embeddable":true,"href":"https:\/\/www.andrina.de\/index.php\/wp-json\/wp\/v2\/tags?post=9564"},{"taxonomy":"post_format","embeddable":true,"href":"https:\/\/www.andrina.de\/index.php\/wp-json\/wp\/v2\/post_format?post=9564"}],"curies":[{"name":"wp","href":"https:\/\/api.w.org\/{rel}","templated":true}]}}