{"id":445,"date":"2020-11-09T07:52:43","date_gmt":"2020-11-09T06:52:43","guid":{"rendered":"https:\/\/www.andrina.de\/?p=445"},"modified":"2025-05-15T08:56:20","modified_gmt":"2025-05-15T07:56:20","slug":"herbstdekoration-aus-der-natur","status":"publish","type":"post","link":"https:\/\/www.andrina.de\/index.php\/herbstdekoration-aus-der-natur\/","title":{"rendered":"Herbstdekoration aus der Natur"},"content":{"rendered":"<p>Warum teure Deko kaufen, wenn der Herbst dir alles schenkt, was du brauchst? Entdecke, wie du mit bunten Bl\u00e4ttern, Eicheln und Co. deine Wohnung in eine herbstliche Wohlf\u00fchloase verwandelst \u2013 ganz einfach Herbstdekoration selber machen, nachhaltig und mit viel Herz.<\/p>\n<h3 class=\"\" data-start=\"339\" data-end=\"404\">Der Zauber des Herbstes \u2013 kostenlos direkt vor deiner Haust\u00fcr<\/h3>\n<p class=\"\" data-start=\"406\" data-end=\"831\">Kennst du das auch? Der Herbst ist da, die Bl\u00e4tter f\u00e4rben sich in den sch\u00f6nsten Rott\u00f6nen, Kastanien purzeln von den B\u00e4umen, und pl\u00f6tzlich versp\u00fcrst du den Wunsch, dein Zuhause ein bisschen gem\u00fctlicher zu gestalten. Und genau hier kommt die Natur ins Spiel! Statt k\u00fcnstlicher Deko aus dem Laden kannst du mit wenigen Handgriffen und einem kleinen Spaziergang echte Naturwunder ins Wohnzimmer holen \u2013 ganz ohne Geld auszugeben.<\/p>\n<h3 class=\"\" data-start=\"833\" data-end=\"880\">Was die Natur im Herbst alles zu bieten hat<\/h3>\n<p class=\"\" data-start=\"882\" data-end=\"1016\">Ob bei einem ausgedehnten Waldspaziergang oder einem schnellen Abstecher durchs n\u00e4chste Feld: \u00dcberall begegnen dir kleine Sch\u00e4tze wie:<\/p>\n<ul data-start=\"1018\" data-end=\"1156\">\n<li class=\"\" data-start=\"1018\" data-end=\"1044\">\n<p class=\"\" data-start=\"1020\" data-end=\"1044\">Bunte Herbstbl\u00e4tter<\/p>\n<\/li>\n<li class=\"\" data-start=\"1045\" data-end=\"1083\">\n<p class=\"\" data-start=\"1047\" data-end=\"1083\">Eicheln, Haseln\u00fcsse, Bucheckern<\/p>\n<\/li>\n<li class=\"\" data-start=\"1084\" data-end=\"1120\">\n<p class=\"\" data-start=\"1086\" data-end=\"1120\">Getrocknete Gr\u00e4ser und Zweige<\/p>\n<\/li>\n<li class=\"\" data-start=\"1121\" data-end=\"1156\">\n<p class=\"\" data-start=\"1123\" data-end=\"1156\">Moos, kleine \u00c4ste oder Rinde<\/p>\n<\/li>\n<\/ul>\n<p class=\"\" data-start=\"1158\" data-end=\"1287\">Diese Materialien sind nicht nur kostenlos, sondern auch ein echtes Erlebnis beim Sammeln \u2013 vor allem, wenn du Kinder dabei hast.<\/p>\n<p><img decoding=\"async\" loading=\"lazy\" class=\"alignnone size-large wp-image-447\" src=\"https:\/\/www.andrina.de\/wp-content\/uploads\/2020\/11\/Herbstdeko_Blatter02l-1024x683.jpg\" alt=\"\" width=\"1024\" height=\"683\" srcset=\"https:\/\/www.andrina.de\/wp-content\/uploads\/2020\/11\/Herbstdeko_Blatter02l-1024x683.jpg 1024w, https:\/\/www.andrina.de\/wp-content\/uploads\/2020\/11\/Herbstdeko_Blatter02l-300x200.jpg 300w, https:\/\/www.andrina.de\/wp-content\/uploads\/2020\/11\/Herbstdeko_Blatter02l-768x512.jpg 768w, https:\/\/www.andrina.de\/wp-content\/uploads\/2020\/11\/Herbstdeko_Blatter02l-570x380.jpg 570w, https:\/\/www.andrina.de\/wp-content\/uploads\/2020\/11\/Herbstdeko_Blatter02l.jpg 1500w\" sizes=\"(max-width: 1024px) 100vw, 1024px\" \/><\/p>\n<h3 class=\"\" data-start=\"1294\" data-end=\"1337\">Kreative DIY-Ideen f\u00fcr deine Herbstdeko<\/h3>\n<h4 class=\"\" data-start=\"1339\" data-end=\"1386\"><strong data-start=\"1347\" data-end=\"1386\">Herbstliche Lichtgl\u00e4ser mit Eicheln<\/strong><\/h4>\n<p class=\"\" data-start=\"1388\" data-end=\"1718\">Ein absoluter Liebling von mir: Ein einfaches Glasgef\u00e4\u00df, bef\u00fcllt mit Eicheln \u2013 dazu ein Teelicht oder eine kleine LED-Lichterkette. Das warme Licht in Kombination mit den Naturmaterialien schafft eine wunderbar gem\u00fctliche Stimmung. Tipp: Mische auch Haseln\u00fcsse oder kleine Tannenzapfen darunter \u2013 so entsteht ein sch\u00f6ner Kontrast.<\/p>\n<p><img decoding=\"async\" loading=\"lazy\" class=\"alignnone size-large wp-image-450\" src=\"https:\/\/www.andrina.de\/wp-content\/uploads\/2020\/11\/Herbstdeko_Eicheln01l-1024x683.jpg\" alt=\"\" width=\"1024\" height=\"683\" srcset=\"https:\/\/www.andrina.de\/wp-content\/uploads\/2020\/11\/Herbstdeko_Eicheln01l-1024x683.jpg 1024w, https:\/\/www.andrina.de\/wp-content\/uploads\/2020\/11\/Herbstdeko_Eicheln01l-300x200.jpg 300w, https:\/\/www.andrina.de\/wp-content\/uploads\/2020\/11\/Herbstdeko_Eicheln01l-768x512.jpg 768w, https:\/\/www.andrina.de\/wp-content\/uploads\/2020\/11\/Herbstdeko_Eicheln01l-570x380.jpg 570w, https:\/\/www.andrina.de\/wp-content\/uploads\/2020\/11\/Herbstdeko_Eicheln01l.jpg 1500w\" sizes=\"(max-width: 1024px) 100vw, 1024px\" \/><\/p>\n<h4 class=\"\" data-start=\"1720\" data-end=\"1760\"><strong data-start=\"1728\" data-end=\"1760\">Bl\u00e4tter trocknen und basteln<\/strong><\/h4>\n<p class=\"\" data-start=\"1762\" data-end=\"1979\">Bunte Bl\u00e4tter sind wie kleine Kunstwerke. Ich sammle sie bei jedem Spaziergang und presse sie zuhause zwischen Zeitungspapier in dicken B\u00fcchern. Nach etwa einer Woche sind sie sch\u00f6n flach und bereit f\u00fcr kreative Deko:<\/p>\n<ul data-start=\"1981\" data-end=\"2220\">\n<li class=\"\" data-start=\"1981\" data-end=\"2040\">\n<p class=\"\" data-start=\"1983\" data-end=\"2040\"><strong data-start=\"1983\" data-end=\"2004\">Girlanden basteln<\/strong>: Auff\u00e4deln und ans Fenster h\u00e4ngen<\/p>\n<\/li>\n<li class=\"\" data-start=\"2041\" data-end=\"2112\">\n<p class=\"\" data-start=\"2043\" data-end=\"2112\"><strong data-start=\"2043\" data-end=\"2073\">Teelichtgl\u00e4ser versch\u00f6nern<\/strong>: Mit Bl\u00e4ttern und etwas Bastelkleber<\/p>\n<\/li>\n<li class=\"\" data-start=\"2113\" data-end=\"2220\">\n<p class=\"\" data-start=\"2115\" data-end=\"2220\"><strong data-start=\"2115\" data-end=\"2142\">Bilderrahmen dekorieren<\/strong>: Ein gepresstes Blatt in einem schlichten Rahmen wirkt fast wie ein Gem\u00e4lde<\/p>\n<\/li>\n<\/ul>\n<p class=\"\" data-start=\"2222\" data-end=\"2330\">Gerade Kinder lieben es, mit Bl\u00e4ttern zu basteln \u2013 es ist einfach, farbenfroh und bringt die Natur ins Haus.<\/p>\n<p><img decoding=\"async\" loading=\"lazy\" class=\"alignnone size-large wp-image-448\" src=\"https:\/\/www.andrina.de\/wp-content\/uploads\/2020\/11\/Herbstdeko_Blatter03l-1024x683.jpg\" alt=\"\" width=\"1024\" height=\"683\" srcset=\"https:\/\/www.andrina.de\/wp-content\/uploads\/2020\/11\/Herbstdeko_Blatter03l-1024x683.jpg 1024w, https:\/\/www.andrina.de\/wp-content\/uploads\/2020\/11\/Herbstdeko_Blatter03l-300x200.jpg 300w, https:\/\/www.andrina.de\/wp-content\/uploads\/2020\/11\/Herbstdeko_Blatter03l-768x512.jpg 768w, https:\/\/www.andrina.de\/wp-content\/uploads\/2020\/11\/Herbstdeko_Blatter03l-570x380.jpg 570w, https:\/\/www.andrina.de\/wp-content\/uploads\/2020\/11\/Herbstdeko_Blatter03l.jpg 1500w\" sizes=\"(max-width: 1024px) 100vw, 1024px\" \/><\/p>\n<h3 class=\"\" data-start=\"2337\" data-end=\"2382\">Warum Naturdeko einfach mehr Freude macht<\/h3>\n<p class=\"\" data-start=\"2384\" data-end=\"2715\">Neben dem Sparfaktor ist es vor allem das bewusste Tun, das solche DIY-Projekte so besonders macht. Du nimmst dir Zeit, gehst raus an die frische Luft, wirst kreativ und schaffst dir damit deine ganz pers\u00f6nliche Wohlf\u00fchl-Atmosph\u00e4re. Und das Beste: Du wei\u00dft, woher deine Dekoration kommt \u2013 ganz ohne Plastik, Verpackung oder Chemie.<\/p>\n<h3 class=\"\" data-start=\"2722\" data-end=\"2760\">Jetzt bist du dran: Werde kreativ!<\/h3>\n<p class=\"\" data-start=\"2762\" data-end=\"3040\">Wenn du Lust bekommen hast, gleich loszulegen, dann schnapp dir einen Korb und mach einen Spaziergang! Du wirst staunen, was du alles findest. Und wenn du deine Werke mit anderen teilen m\u00f6chtest, nutze gern den Hashtag <strong data-start=\"2981\" data-end=\"2994\">#pindrina<\/strong> \u2013 ich bin gespannt auf eure Natur-Kunstwerke!<\/p>\n<p><img decoding=\"async\" loading=\"lazy\" class=\"alignnone size-large wp-image-449\" src=\"https:\/\/www.andrina.de\/wp-content\/uploads\/2020\/11\/Herbstdeko_Blatter04l-1024x683.jpg\" alt=\"\" width=\"1024\" height=\"683\" srcset=\"https:\/\/www.andrina.de\/wp-content\/uploads\/2020\/11\/Herbstdeko_Blatter04l-1024x683.jpg 1024w, https:\/\/www.andrina.de\/wp-content\/uploads\/2020\/11\/Herbstdeko_Blatter04l-300x200.jpg 300w, https:\/\/www.andrina.de\/wp-content\/uploads\/2020\/11\/Herbstdeko_Blatter04l-768x512.jpg 768w, https:\/\/www.andrina.de\/wp-content\/uploads\/2020\/11\/Herbstdeko_Blatter04l-570x380.jpg 570w, https:\/\/www.andrina.de\/wp-content\/uploads\/2020\/11\/Herbstdeko_Blatter04l.jpg 1500w\" sizes=\"(max-width: 1024px) 100vw, 1024px\" \/><\/p>\n<h3 class=\"\" data-start=\"3047\" data-end=\"3114\">Fazit: Herbstdeko wie aus dem Bilderbuch \u2013 ganz ohne Kaufstress<\/h3>\n<p class=\"\" data-start=\"3116\" data-end=\"3358\">Mit nur wenig Aufwand und viel Liebe kannst du aus Naturmaterialien einzigartige Dekorationen zaubern. Sie sind nicht nur sch\u00f6n, sondern erz\u00e4hlen auch deine pers\u00f6nliche Herbstgeschichte \u2013 von Spazierg\u00e4ngen, Fundst\u00fccken und kreativen Momenten.<\/p>\n<p class=\"\" data-start=\"3360\" data-end=\"3473\">Mach\u2019s dir sch\u00f6n. Und denk dran: Die besten Dinge im Leben sind oft kostenlos \u2013 du musst sie nur entdecken.<\/p>\n<p data-start=\"3360\" data-end=\"3473\">Ihr m\u00f6chtet keinen Tipp mehr verpassen? Dann meldet euch doch f\u00fcr die\u00a0<a href=\"https:\/\/www.andrina.de\/index.php\/briefe\/\">Briefe von Andrina.de<\/a>\u00a0an. Damit erhaltet ihr einmal im Monat einen virtuellen Brief von uns.<\/p>\n","protected":false},"excerpt":{"rendered":"<p>Warum teure Deko kaufen, wenn der Herbst dir alles schenkt, was du brauchst? Entdecke, wie du mit bunten Bl\u00e4ttern, Eicheln und Co. deine Wohnung in eine herbstliche Wohlf\u00fchloase verwandelst \u2013 ganz einfach Herbstdekoration selber machen, nachhaltig und mit viel Herz. Der Zauber des Herbstes \u2013 kostenlos direkt vor deiner Haust\u00fcr Kennst du das auch? Der [&hellip;]<\/p>\n","protected":false},"author":2,"featured_media":450,"comment_status":"open","ping_status":"open","sticky":false,"template":"","format":"standard","meta":{"footnotes":""},"categories":[5],"tags":[29,16,447],"post_format":[],"yoast_head":"<!-- This site is optimized with the Yoast SEO plugin v21.4 - https:\/\/yoast.com\/wordpress\/plugins\/seo\/ -->\n<title>Herbstdekoration aus der Natur - Andrina.de<\/title>\n<meta name=\"description\" content=\"Stimmungsvolles Licht mit Herbstdekoration aus der Natur selber machen. Ideen mit Eicheln, N\u00fcssen und Bl\u00e4ttern.\" \/>\n<meta name=\"robots\" content=\"index, follow, max-snippet:-1, max-image-preview:large, max-video-preview:-1\" \/>\n<link rel=\"canonical\" href=\"https:\/\/www.andrina.de\/index.php\/herbstdekoration-aus-der-natur\/\" \/>\n<meta property=\"og:locale\" content=\"de_DE\" \/>\n<meta property=\"og:type\" content=\"article\" \/>\n<meta property=\"og:title\" content=\"Herbstdekoration aus der Natur\" \/>\n<meta property=\"og:description\" content=\"Herbstdekoration aus der Natur\" \/>\n<meta property=\"og:url\" content=\"https:\/\/www.andrina.de\/index.php\/herbstdekoration-aus-der-natur\/\" \/>\n<meta property=\"og:site_name\" content=\"Andrina.de\" \/>\n<meta property=\"article:published_time\" content=\"2020-11-09T06:52:43+00:00\" \/>\n<meta property=\"article:modified_time\" content=\"2025-05-15T07:56:20+00:00\" \/>\n<meta property=\"og:image\" content=\"https:\/\/www.andrina.de\/wp-content\/uploads\/2020\/11\/Herbstdeko_Eicheln01l.jpg\" \/>\n\t<meta property=\"og:image:width\" content=\"1500\" \/>\n\t<meta property=\"og:image:height\" content=\"1000\" \/>\n\t<meta property=\"og:image:type\" content=\"image\/jpeg\" \/>\n<meta name=\"author\" content=\"Andrea\" \/>\n<meta name=\"twitter:card\" content=\"summary_large_image\" \/>\n<meta name=\"twitter:label1\" content=\"Written by\" \/>\n\t<meta name=\"twitter:data1\" content=\"Andrea\" \/>\n\t<meta name=\"twitter:label2\" content=\"Est. reading time\" \/>\n\t<meta name=\"twitter:data2\" content=\"4 minutes\" \/>\n<script type=\"application\/ld+json\" class=\"yoast-schema-graph\">{\"@context\":\"https:\/\/schema.org\",\"@graph\":[{\"@type\":\"Article\",\"@id\":\"https:\/\/www.andrina.de\/index.php\/herbstdekoration-aus-der-natur\/#article\",\"isPartOf\":{\"@id\":\"https:\/\/www.andrina.de\/index.php\/herbstdekoration-aus-der-natur\/\"},\"author\":{\"name\":\"Andrea\",\"@id\":\"https:\/\/www.andrina.de\/#\/schema\/person\/f274a8f7ace93f1eb49f0b5601c26b12\"},\"headline\":\"Herbstdekoration aus der Natur\",\"datePublished\":\"2020-11-09T06:52:43+00:00\",\"dateModified\":\"2025-05-15T07:56:20+00:00\",\"mainEntityOfPage\":{\"@id\":\"https:\/\/www.andrina.de\/index.php\/herbstdekoration-aus-der-natur\/\"},\"wordCount\":558,\"commentCount\":1,\"publisher\":{\"@id\":\"https:\/\/www.andrina.de\/#organization\"},\"keywords\":[\"Dekoration\",\"DIY\",\"Herbst\"],\"articleSection\":[\"Kreative Ecke\"],\"inLanguage\":\"de\",\"potentialAction\":[{\"@type\":\"CommentAction\",\"name\":\"Comment\",\"target\":[\"https:\/\/www.andrina.de\/index.php\/herbstdekoration-aus-der-natur\/#respond\"]}]},{\"@type\":\"WebPage\",\"@id\":\"https:\/\/www.andrina.de\/index.php\/herbstdekoration-aus-der-natur\/\",\"url\":\"https:\/\/www.andrina.de\/index.php\/herbstdekoration-aus-der-natur\/\",\"name\":\"Herbstdekoration aus der Natur - Andrina.de\",\"isPartOf\":{\"@id\":\"https:\/\/www.andrina.de\/#website\"},\"datePublished\":\"2020-11-09T06:52:43+00:00\",\"dateModified\":\"2025-05-15T07:56:20+00:00\",\"description\":\"Stimmungsvolles Licht mit Herbstdekoration aus der Natur selber machen. Ideen mit Eicheln, N\u00fcssen und Bl\u00e4ttern.\",\"breadcrumb\":{\"@id\":\"https:\/\/www.andrina.de\/index.php\/herbstdekoration-aus-der-natur\/#breadcrumb\"},\"inLanguage\":\"de\",\"potentialAction\":[{\"@type\":\"ReadAction\",\"target\":[\"https:\/\/www.andrina.de\/index.php\/herbstdekoration-aus-der-natur\/\"]}]},{\"@type\":\"BreadcrumbList\",\"@id\":\"https:\/\/www.andrina.de\/index.php\/herbstdekoration-aus-der-natur\/#breadcrumb\",\"itemListElement\":[{\"@type\":\"ListItem\",\"position\":1,\"name\":\"Home\",\"item\":\"https:\/\/www.andrina.de\/\"},{\"@type\":\"ListItem\",\"position\":2,\"name\":\"Herbstdekoration aus der Natur\"}]},{\"@type\":\"WebSite\",\"@id\":\"https:\/\/www.andrina.de\/#website\",\"url\":\"https:\/\/www.andrina.de\/\",\"name\":\"Andrina.de\",\"description\":\"Blogazine gesponsert von purux\",\"publisher\":{\"@id\":\"https:\/\/www.andrina.de\/#organization\"},\"potentialAction\":[{\"@type\":\"SearchAction\",\"target\":{\"@type\":\"EntryPoint\",\"urlTemplate\":\"https:\/\/www.andrina.de\/?s={search_term_string}\"},\"query-input\":\"required name=search_term_string\"}],\"inLanguage\":\"de\"},{\"@type\":\"Organization\",\"@id\":\"https:\/\/www.andrina.de\/#organization\",\"name\":\"Andrina.de\",\"url\":\"https:\/\/www.andrina.de\/\",\"logo\":{\"@type\":\"ImageObject\",\"inLanguage\":\"de\",\"@id\":\"https:\/\/www.andrina.de\/#\/schema\/logo\/image\/\",\"url\":\"https:\/\/www.andrina.de\/wp-content\/uploads\/2020\/09\/cropped-Andrina.de_Logo_final-2.png\",\"contentUrl\":\"https:\/\/www.andrina.de\/wp-content\/uploads\/2020\/09\/cropped-Andrina.de_Logo_final-2.png\",\"width\":1042,\"height\":984,\"caption\":\"Andrina.de\"},\"image\":{\"@id\":\"https:\/\/www.andrina.de\/#\/schema\/logo\/image\/\"}},{\"@type\":\"Person\",\"@id\":\"https:\/\/www.andrina.de\/#\/schema\/person\/f274a8f7ace93f1eb49f0b5601c26b12\",\"name\":\"Andrea\",\"image\":{\"@type\":\"ImageObject\",\"inLanguage\":\"de\",\"@id\":\"https:\/\/www.andrina.de\/#\/schema\/person\/image\/\",\"url\":\"https:\/\/secure.gravatar.com\/avatar\/2834dcd6bfff12c55bf81682f16c1fb0?s=96&d=blank&r=g\",\"contentUrl\":\"https:\/\/secure.gravatar.com\/avatar\/2834dcd6bfff12c55bf81682f16c1fb0?s=96&d=blank&r=g\",\"caption\":\"Andrea\"},\"description\":\"Autorin, Fotografin, Social Media Spezialistin.\",\"url\":\"https:\/\/www.andrina.de\/index.php\/author\/andrina\/\"}]}<\/script>\n<!-- \/ Yoast SEO plugin. -->","yoast_head_json":{"title":"Herbstdekoration aus der Natur - Andrina.de","description":"Stimmungsvolles Licht mit Herbstdekoration aus der Natur selber machen. Ideen mit Eicheln, N\u00fcssen und Bl\u00e4ttern.","robots":{"index":"index","follow":"follow","max-snippet":"max-snippet:-1","max-image-preview":"max-image-preview:large","max-video-preview":"max-video-preview:-1"},"canonical":"https:\/\/www.andrina.de\/index.php\/herbstdekoration-aus-der-natur\/","og_locale":"de_DE","og_type":"article","og_title":"Herbstdekoration aus der Natur","og_description":"Herbstdekoration aus der Natur","og_url":"https:\/\/www.andrina.de\/index.php\/herbstdekoration-aus-der-natur\/","og_site_name":"Andrina.de","article_published_time":"2020-11-09T06:52:43+00:00","article_modified_time":"2025-05-15T07:56:20+00:00","og_image":[{"width":1500,"height":1000,"url":"https:\/\/www.andrina.de\/wp-content\/uploads\/2020\/11\/Herbstdeko_Eicheln01l.jpg","type":"image\/jpeg"}],"author":"Andrea","twitter_card":"summary_large_image","twitter_misc":{"Written by":"Andrea","Est. reading time":"4 minutes"},"schema":{"@context":"https:\/\/schema.org","@graph":[{"@type":"Article","@id":"https:\/\/www.andrina.de\/index.php\/herbstdekoration-aus-der-natur\/#article","isPartOf":{"@id":"https:\/\/www.andrina.de\/index.php\/herbstdekoration-aus-der-natur\/"},"author":{"name":"Andrea","@id":"https:\/\/www.andrina.de\/#\/schema\/person\/f274a8f7ace93f1eb49f0b5601c26b12"},"headline":"Herbstdekoration aus der Natur","datePublished":"2020-11-09T06:52:43+00:00","dateModified":"2025-05-15T07:56:20+00:00","mainEntityOfPage":{"@id":"https:\/\/www.andrina.de\/index.php\/herbstdekoration-aus-der-natur\/"},"wordCount":558,"commentCount":1,"publisher":{"@id":"https:\/\/www.andrina.de\/#organization"},"keywords":["Dekoration","DIY","Herbst"],"articleSection":["Kreative Ecke"],"inLanguage":"de","potentialAction":[{"@type":"CommentAction","name":"Comment","target":["https:\/\/www.andrina.de\/index.php\/herbstdekoration-aus-der-natur\/#respond"]}]},{"@type":"WebPage","@id":"https:\/\/www.andrina.de\/index.php\/herbstdekoration-aus-der-natur\/","url":"https:\/\/www.andrina.de\/index.php\/herbstdekoration-aus-der-natur\/","name":"Herbstdekoration aus der Natur - Andrina.de","isPartOf":{"@id":"https:\/\/www.andrina.de\/#website"},"datePublished":"2020-11-09T06:52:43+00:00","dateModified":"2025-05-15T07:56:20+00:00","description":"Stimmungsvolles Licht mit Herbstdekoration aus der Natur selber machen. Ideen mit Eicheln, N\u00fcssen und Bl\u00e4ttern.","breadcrumb":{"@id":"https:\/\/www.andrina.de\/index.php\/herbstdekoration-aus-der-natur\/#breadcrumb"},"inLanguage":"de","potentialAction":[{"@type":"ReadAction","target":["https:\/\/www.andrina.de\/index.php\/herbstdekoration-aus-der-natur\/"]}]},{"@type":"BreadcrumbList","@id":"https:\/\/www.andrina.de\/index.php\/herbstdekoration-aus-der-natur\/#breadcrumb","itemListElement":[{"@type":"ListItem","position":1,"name":"Home","item":"https:\/\/www.andrina.de\/"},{"@type":"ListItem","position":2,"name":"Herbstdekoration aus der Natur"}]},{"@type":"WebSite","@id":"https:\/\/www.andrina.de\/#website","url":"https:\/\/www.andrina.de\/","name":"Andrina.de","description":"Blogazine gesponsert von purux","publisher":{"@id":"https:\/\/www.andrina.de\/#organization"},"potentialAction":[{"@type":"SearchAction","target":{"@type":"EntryPoint","urlTemplate":"https:\/\/www.andrina.de\/?s={search_term_string}"},"query-input":"required name=search_term_string"}],"inLanguage":"de"},{"@type":"Organization","@id":"https:\/\/www.andrina.de\/#organization","name":"Andrina.de","url":"https:\/\/www.andrina.de\/","logo":{"@type":"ImageObject","inLanguage":"de","@id":"https:\/\/www.andrina.de\/#\/schema\/logo\/image\/","url":"https:\/\/www.andrina.de\/wp-content\/uploads\/2020\/09\/cropped-Andrina.de_Logo_final-2.png","contentUrl":"https:\/\/www.andrina.de\/wp-content\/uploads\/2020\/09\/cropped-Andrina.de_Logo_final-2.png","width":1042,"height":984,"caption":"Andrina.de"},"image":{"@id":"https:\/\/www.andrina.de\/#\/schema\/logo\/image\/"}},{"@type":"Person","@id":"https:\/\/www.andrina.de\/#\/schema\/person\/f274a8f7ace93f1eb49f0b5601c26b12","name":"Andrea","image":{"@type":"ImageObject","inLanguage":"de","@id":"https:\/\/www.andrina.de\/#\/schema\/person\/image\/","url":"https:\/\/secure.gravatar.com\/avatar\/2834dcd6bfff12c55bf81682f16c1fb0?s=96&d=blank&r=g","contentUrl":"https:\/\/secure.gravatar.com\/avatar\/2834dcd6bfff12c55bf81682f16c1fb0?s=96&d=blank&r=g","caption":"Andrea"},"description":"Autorin, Fotografin, Social Media Spezialistin.","url":"https:\/\/www.andrina.de\/index.php\/author\/andrina\/"}]}},"_edit_lock":"1747295780:1","_edit_last":"1","layout_key":"","post_slider_check_key":"0","yarpp_meta":{"yarpp_display_for_this_post":1},"_yoast_wpseo_content_score":"90","_yoast_wpseo_estimated-reading-time-minutes":"4","tc-thumb-fld":{"_thumb_id":450,"_thumb_type":"thumb"},"fpu-thumb-fld":{"_thumb_id":450,"_thumb_type":"thumb"},"_yoast_wpseo_focuskw":"Herbstdekoration","_yoast_wpseo_metadesc":"Stimmungsvolles Licht mit Herbstdekoration aus der Natur selber machen. Ideen mit Eicheln, N\u00fcssen und Bl\u00e4ttern.","_yoast_wpseo_linkdex":"71","_yoast_wpseo_primary_category":"5","_thumbnail_id":"450","_yoast_wpseo_wordproof_timestamp":"","_wp_old_date":"","_wp_old_slug":"","_yoast_wpseo_opengraph-image":"https:\/\/www.andrina.de\/wp-content\/uploads\/2020\/11\/Herbstdeko_Eicheln01l-1024x683.jpg","_yoast_wpseo_opengraph-image-id":"450","_yoast_wpseo_opengraph-title":"%%title%%","_yoast_wpseo_opengraph-description":"%%title%%","_yoast_wpseo_twitter-title":"","_yoast_wpseo_twitter-description":"","_oembed_cafb4eaa37915e2e85b1cdc01d543c63":"","_oembed_52de83b8f720eae89a85856717ec5546":"","_oembed_2d9fa4a87eea7049212c1880eff5a92e":"","_yoast_wpseo_title":"","_links":{"self":[{"href":"https:\/\/www.andrina.de\/index.php\/wp-json\/wp\/v2\/posts\/445"}],"collection":[{"href":"https:\/\/www.andrina.de\/index.php\/wp-json\/wp\/v2\/posts"}],"about":[{"href":"https:\/\/www.andrina.de\/index.php\/wp-json\/wp\/v2\/types\/post"}],"author":[{"embeddable":true,"href":"https:\/\/www.andrina.de\/index.php\/wp-json\/wp\/v2\/users\/2"}],"replies":[{"embeddable":true,"href":"https:\/\/www.andrina.de\/index.php\/wp-json\/wp\/v2\/comments?post=445"}],"version-history":[{"count":7,"href":"https:\/\/www.andrina.de\/index.php\/wp-json\/wp\/v2\/posts\/445\/revisions"}],"predecessor-version":[{"id":279772,"href":"https:\/\/www.andrina.de\/index.php\/wp-json\/wp\/v2\/posts\/445\/revisions\/279772"}],"wp:featuredmedia":[{"embeddable":true,"href":"https:\/\/www.andrina.de\/index.php\/wp-json\/wp\/v2\/media\/450"}],"wp:attachment":[{"href":"https:\/\/www.andrina.de\/index.php\/wp-json\/wp\/v2\/media?parent=445"}],"wp:term":[{"taxonomy":"category","embeddable":true,"href":"https:\/\/www.andrina.de\/index.php\/wp-json\/wp\/v2\/categories?post=445"},{"taxonomy":"post_tag","embeddable":true,"href":"https:\/\/www.andrina.de\/index.php\/wp-json\/wp\/v2\/tags?post=445"},{"taxonomy":"post_format","embeddable":true,"href":"https:\/\/www.andrina.de\/index.php\/wp-json\/wp\/v2\/post_format?post=445"}],"curies":[{"name":"wp","href":"https:\/\/api.w.org\/{rel}","templated":true}]}}