{"id":4224,"date":"2022-08-26T07:45:49","date_gmt":"2022-08-26T06:45:49","guid":{"rendered":"https:\/\/www.andrina.de\/?p=4224"},"modified":"2025-10-09T10:15:41","modified_gmt":"2025-10-09T09:15:41","slug":"feiner-weichspuler-mit-mandelduft","status":"publish","type":"post","link":"https:\/\/www.andrina.de\/index.php\/feiner-weichspuler-mit-mandelduft\/","title":{"rendered":"Feiner Weichsp\u00fcler mit Mandelduft"},"content":{"rendered":"<p data-start=\"281\" data-end=\"572\">Sanft duftende W\u00e4sche, die sich anf\u00fchlt wie ein Streicheln auf der Haut \u2013 ganz ohne synthetische Zus\u00e4tze? Mit diesem nat\u00fcrlichen DIY-Weichsp\u00fcler gelingt dir genau das.<br data-start=\"663\" data-end=\"666\" \/>Besonders der zarte Mandelduft verleiht deiner Kleidung eine wohlig-warme Duftnote, die dich den ganzen Tag begleitet.<\/p>\n<h2 data-start=\"579\" data-end=\"616\">Warum ein nat\u00fcrlicher Weichsp\u00fcler?<\/h2>\n<p data-start=\"834\" data-end=\"1049\">Viele klassische Weichsp\u00fcler enthalten Duftstoffe, die unsere Sinne \u00fcberfluten und unsere Haut reizen k\u00f6nnen.<br data-start=\"943\" data-end=\"946\" \/>Daher suchen immer mehr Menschen nach einer Alternative, die sanft, nat\u00fcrlich und umweltfreundlich ist.<\/p>\n<p data-start=\"1051\" data-end=\"1355\">Wenn auch du dir eine nachhaltige L\u00f6sung w\u00fcnschst, die gleichzeitig pflegend wirkt und angenehm duftet, wirst du diesen <strong data-start=\"1171\" data-end=\"1201\">Weichsp\u00fcler mit Mandelduft<\/strong> lieben.<br data-start=\"1209\" data-end=\"1212\" \/>Er pflegt deine Kleidung auf nat\u00fcrliche Weise, schenkt ihr eine extra Portion Weichheit und verleiht ihr deinen ganz pers\u00f6nlichen Wohlf\u00fchlduft.<\/p>\n<h2 data-start=\"1026\" data-end=\"1081\">DIY-Rezept: Weichsp\u00fcler mit Mandelduft selbst machen<\/h2>\n<p data-start=\"1083\" data-end=\"1220\">Mit nur wenigen Zutaten zauberst du im Handumdrehen einen sanften Weichsp\u00fcler, der deiner W\u00e4sche einen feinen, nat\u00fcrlichen Duft verleiht.<br data-start=\"1556\" data-end=\"1559\" \/>Au\u00dferdem ist das Rezept unkompliziert und l\u00e4sst sich jederzeit abwandeln \u2013 ganz nach deinem Geschmack.<\/p>\n<h3 data-start=\"1222\" data-end=\"1238\">Du brauchst:<\/h3>\n<ul data-start=\"1240\" data-end=\"1500\">\n<li data-start=\"1240\" data-end=\"1263\">\n<p data-start=\"1242\" data-end=\"1263\">160 g <a href=\"https:\/\/purux.de\/Kaufen\/Zitronensaeure\/84\/Zitronensaeure-5kg-Lebensmittelqualitaet-gentechnik-frei-5-1kg?partner=b0adb684\">Zitronens\u00e4ure<\/a><\/p>\n<\/li>\n<li data-start=\"1264\" data-end=\"1288\">\n<p data-start=\"1266\" data-end=\"1288\">480 ml warmes Wasser<\/p>\n<\/li>\n<li data-start=\"1289\" data-end=\"1340\">\n<p data-start=\"1291\" data-end=\"1340\">2 EL Mandel\u00f6l oder Vanille\u00f6l (je nach Vorliebe)<\/p>\n<\/li>\n<li data-start=\"1341\" data-end=\"1500\">\n<p data-start=\"1343\" data-end=\"1500\">160 g Milchpulver<br data-start=\"1360\" data-end=\"1363\" \/>\u202f<br data-start=\"1364\" data-end=\"1367\" \/><strong data-start=\"1808\" data-end=\"1817\">Tipp:<\/strong> Wenn du lieber eine vegane Alternative m\u00f6chtest, funktioniert auch Reismehl oder Kartoffelst\u00e4rke als Ersatz f\u00fcr Milchpulver.<\/p>\n<\/li>\n<\/ul>\n<h2 data-start=\"1507\" data-end=\"1520\">So geht\u2019s:<\/h2>\n<ol data-start=\"1522\" data-end=\"2018\">\n<li data-start=\"1522\" data-end=\"1674\">\n<p data-start=\"1525\" data-end=\"1674\"><strong data-start=\"1525\" data-end=\"1568\"><a href=\"https:\/\/purux.de\/Kaufen\/Zitronensaeure\/84\/Zitronensaeure-5kg-Lebensmittelqualitaet-gentechnik-frei-5-1kg?partner=b0adb684\">Zitronens\u00e4ure<\/a> in warmem Wasser aufl\u00f6sen<\/strong><br data-start=\"1568\" data-end=\"1571\" \/>\u202f \u2013 Bitte kein kochendes Wasser verwenden. R\u00fchre dabei st\u00e4ndig um, bis sich alles gut vermischt hat.<\/p>\n<\/li>\n<li data-start=\"1675\" data-end=\"1789\">\n<p data-start=\"1678\" data-end=\"1789\"><strong data-start=\"1678\" data-end=\"1708\">Mandel\u00f6l langsam einr\u00fchren<\/strong><br data-start=\"1708\" data-end=\"1711\" \/>\u202f \u2013 Gib das \u00d6l nach und nach hinzu und genie\u00dfe schon jetzt den feinen Duft!<\/p>\n<\/li>\n<li data-start=\"1790\" data-end=\"1903\">\n<p data-start=\"1793\" data-end=\"1903\"><strong data-start=\"1793\" data-end=\"1843\">Milchpulver hinzuf\u00fcgen und gr\u00fcndlich verr\u00fchren<\/strong><br data-start=\"1843\" data-end=\"1846\" \/>\u202f \u2013 Die Mischung sollte sch\u00f6n cremig und homogen sein.<\/p>\n<\/li>\n<li data-start=\"1904\" data-end=\"2018\">\n<p data-start=\"1907\" data-end=\"2018\"><strong data-start=\"1907\" data-end=\"1976\">Abf\u00fcllen in eine gut verschlie\u00dfbare Flasche oder ein Einmachglas.<\/strong><br data-start=\"1976\" data-end=\"1979\" \/>\u202f \u2013 Vor jedem Waschgang gut sch\u00fctteln.<\/p>\n<\/li>\n<\/ol>\n<p data-start=\"2020\" data-end=\"2090\"><strong data-start=\"2023\" data-end=\"2037\">Dosierung:<\/strong> Pro Waschgang ca. 60 ml ins Weichsp\u00fclerfach geben.<\/p>\n<p align=\"JUSTIFY\"><img decoding=\"async\" loading=\"lazy\" class=\"wp-image-9598 aligncenter\" src=\"https:\/\/www.andrina.de\/wp-content\/uploads\/2022\/08\/weichspueler-300x225.png\" alt=\"\" width=\"508\" height=\"381\" \/><\/p>\n<h2 data-start=\"2097\" data-end=\"2142\">Was macht diesen Weichsp\u00fcler so besonders?<\/h2>\n<p data-start=\"2144\" data-end=\"2214\">Besonders wirkungsvoll ist die Kombination der nat\u00fcrlichen Zutaten. Jede einzelne hat eine Aufgabe \u2013 gemeinsam machen sie deine W\u00e4sche herrlich weich und angenehm duftend:<\/p>\n<ul data-start=\"2216\" data-end=\"2551\">\n<li data-start=\"2216\" data-end=\"2329\">\n<p data-start=\"2218\" data-end=\"2329\"><a href=\"https:\/\/purux.de\/Kaufen\/Zitronensaeure\/84\/Zitronensaeure-5kg-Lebensmittelqualitaet-gentechnik-frei-5-1kg?partner=b0adb684\"><strong data-start=\"2218\" data-end=\"2235\">Zitronens\u00e4ure<\/strong><\/a> hilft, Kalkablagerungen in der Waschmaschine zu reduzieren und macht Textilien geschmeidig.<\/p>\n<\/li>\n<li data-start=\"2330\" data-end=\"2417\">\n<p data-start=\"2332\" data-end=\"2417\"><strong data-start=\"2332\" data-end=\"2344\">Mandel\u00f6l<\/strong> pflegt die Fasern sanft und hinterl\u00e4sst einen angenehmen, zarten Duft.<\/p>\n<\/li>\n<li data-start=\"2418\" data-end=\"2551\">\n<p data-start=\"2420\" data-end=\"2551\"><strong data-start=\"2420\" data-end=\"2435\">Milchpulver<\/strong> enth\u00e4lt nat\u00fcrliche Fette und Proteine, die die Kleidung weich machen und gleichzeitig die Mischung stabil halten.<\/p>\n<\/li>\n<\/ul>\n<p data-start=\"2553\" data-end=\"2656\">\u00a0Du wirst \u00fcberrascht sein, wie angenehm sich deine Kleidung danach anf\u00fchlt \u2013 fast wie frisch geb\u00fcgelt!<\/p>\n<h2 data-start=\"2663\" data-end=\"2713\">Noch ein DIY-Tipp: B\u00fcgelhilfe mit St\u00e4rke &amp; Duft<\/h2>\n<p data-start=\"2715\" data-end=\"2815\">Wer Leinen liebt, wei\u00df: Glatt wird der Stoff nur mit etwas Hilfe. Hier kommt eine nat\u00fcrliche L\u00f6sung:<\/p>\n<h3 data-start=\"2817\" data-end=\"2833\">Du brauchst:<\/h3>\n<ul data-start=\"2835\" data-end=\"2938\">\n<li data-start=\"2835\" data-end=\"2856\">\n<p data-start=\"2837\" data-end=\"2856\">10 g Speisest\u00e4rke<\/p>\n<\/li>\n<li data-start=\"2857\" data-end=\"2871\">\n<p data-start=\"2859\" data-end=\"2871\">1 l Wasser<\/p>\n<\/li>\n<li data-start=\"2872\" data-end=\"2938\">\n<p data-start=\"2874\" data-end=\"2938\">optional: Orangenbl\u00fctenwasser, Rosenwasser oder Grapefruitwasser<\/p>\n<\/li>\n<\/ul>\n<h3 data-start=\"2940\" data-end=\"2958\">Und so geht\u2019s:<\/h3>\n<ol data-start=\"3685\" data-end=\"3938\">\n<li data-start=\"3685\" data-end=\"3769\">\n<p data-start=\"3688\" data-end=\"3769\">St\u00e4rke im Wasser unter R\u00fchren erhitzen, bis sie sich vollst\u00e4ndig aufgel\u00f6st hat.<\/p>\n<\/li>\n<li data-start=\"3770\" data-end=\"3833\">\n<p data-start=\"3773\" data-end=\"3833\">Danach durch ein feines Sieb abgie\u00dfen und abk\u00fchlen lassen.<\/p>\n<\/li>\n<li data-start=\"3834\" data-end=\"3938\">\n<p data-start=\"3837\" data-end=\"3938\">Anschlie\u00dfend in eine kleine Spr\u00fchflasche f\u00fcllen und bei Bedarf direkt auf das Kleidungsst\u00fcck spr\u00fchen.<\/p>\n<\/li>\n<\/ol>\n<p data-start=\"3940\" data-end=\"4070\"><strong data-start=\"3943\" data-end=\"3958\">Extra-Tipp:<\/strong> Statt Wasser kannst du auch duftendes Bl\u00fctenwasser verwenden \u2013 so bleibt der frische Duft noch l\u00e4nger erhalten.<\/p>\n<p><img decoding=\"async\" loading=\"lazy\" class=\" wp-image-4228\" src=\"https:\/\/www.andrina.de\/wp-content\/uploads\/2022\/08\/towels-gd3e291062_1920-300x200.jpg\" alt=\"Weichsp\u00fcler\" width=\"425\" height=\"283\" srcset=\"https:\/\/www.andrina.de\/wp-content\/uploads\/2022\/08\/towels-gd3e291062_1920-300x200.jpg 300w, https:\/\/www.andrina.de\/wp-content\/uploads\/2022\/08\/towels-gd3e291062_1920-1024x683.jpg 1024w, https:\/\/www.andrina.de\/wp-content\/uploads\/2022\/08\/towels-gd3e291062_1920-768x512.jpg 768w, https:\/\/www.andrina.de\/wp-content\/uploads\/2022\/08\/towels-gd3e291062_1920-1536x1024.jpg 1536w, https:\/\/www.andrina.de\/wp-content\/uploads\/2022\/08\/towels-gd3e291062_1920-570x380.jpg 570w, https:\/\/www.andrina.de\/wp-content\/uploads\/2022\/08\/towels-gd3e291062_1920.jpg 1920w\" sizes=\"(max-width: 425px) 100vw, 425px\" \/><\/p>\n<h2 data-start=\"3278\" data-end=\"3317\">Nat\u00fcrlich duften, nachhaltig pflegen<\/h2>\n<p data-start=\"4118\" data-end=\"4286\">Ein selbst gemachter <strong data-start=\"4139\" data-end=\"4169\">Weichsp\u00fcler mit Mandelduft<\/strong> ist mehr als nur ein Haushaltshelfer.<br data-start=\"4207\" data-end=\"4210\" \/>Er ist ein kleines Wohlf\u00fchlritual \u2013 f\u00fcr dich, deine Kleidung und die Umwelt.<\/p>\n<p data-start=\"4288\" data-end=\"4520\">Du verzichtest bewusst auf synthetische Zus\u00e4tze, pflegst deine Kleidung sanft und bringst dabei deinen ganz pers\u00f6nlichen Lieblingsduft ins Spiel.<br data-start=\"4433\" data-end=\"4436\" \/>Ob Mandel, Lavendel oder Minze \u2013 gestalte deine W\u00e4schepflege so, wie es dir gef\u00e4llt.<\/p>\n<p>Ihr m\u00f6chtet keinen Tipp mehr verpassen? Dann meldet euch doch f\u00fcr die <a href=\"https:\/\/www.andrina.de\/index.php\/briefe\/\">Briefe von Andrina.de<\/a> an. Damit erhaltet ihr einmal im Monat einen virtuellen Brief von uns.<em>.<\/em><\/p>\n","protected":false},"excerpt":{"rendered":"<p>Sanft duftende W\u00e4sche, die sich anf\u00fchlt wie ein Streicheln auf der Haut \u2013 ganz ohne synthetische Zus\u00e4tze? Mit diesem nat\u00fcrlichen DIY-Weichsp\u00fcler gelingt dir genau das.Besonders der zarte Mandelduft verleiht deiner Kleidung eine wohlig-warme Duftnote, die dich den ganzen Tag begleitet. Warum ein nat\u00fcrlicher Weichsp\u00fcler? Viele klassische Weichsp\u00fcler enthalten Duftstoffe, die unsere Sinne \u00fcberfluten und unsere [&hellip;]<\/p>\n","protected":false},"author":2,"featured_media":9598,"comment_status":"open","ping_status":"open","sticky":false,"template":"","format":"standard","meta":{"footnotes":""},"categories":[7,6,3,4,271,276],"tags":[201,36,142,13],"post_format":[],"yoast_head":"<!-- This site is optimized with the Yoast SEO plugin v21.4 - https:\/\/yoast.com\/wordpress\/plugins\/seo\/ -->\n<title>Feiner Weichsp\u00fcler mit Mandelduft - Andrina.de<\/title>\n<meta name=\"description\" content=\"Feiner Weichsp\u00fcler mit Mandelduft. Ihr werdet \u00fcberrascht sein, wie weich sich eure W\u00e4sche nach dem Waschgang anf\u00fchlt.\" \/>\n<meta name=\"robots\" content=\"index, follow, max-snippet:-1, max-image-preview:large, max-video-preview:-1\" \/>\n<link rel=\"canonical\" href=\"https:\/\/www.andrina.de\/index.php\/feiner-weichspuler-mit-mandelduft\/\" \/>\n<meta property=\"og:locale\" content=\"de_DE\" \/>\n<meta property=\"og:type\" content=\"article\" \/>\n<meta property=\"og:title\" content=\"Feiner Weichsp\u00fcler mit Mandelduft - Andrina.de\" \/>\n<meta property=\"og:description\" content=\"Feiner Weichsp\u00fcler mit Mandelduft. Ihr werdet \u00fcberrascht sein, wie weich sich eure W\u00e4sche nach dem Waschgang anf\u00fchlt.\" \/>\n<meta property=\"og:url\" content=\"https:\/\/www.andrina.de\/index.php\/feiner-weichspuler-mit-mandelduft\/\" \/>\n<meta property=\"og:site_name\" content=\"Andrina.de\" \/>\n<meta property=\"article:published_time\" content=\"2022-08-26T06:45:49+00:00\" \/>\n<meta property=\"article:modified_time\" content=\"2025-10-09T09:15:41+00:00\" \/>\n<meta property=\"og:image\" content=\"https:\/\/www.andrina.de\/wp-content\/uploads\/2022\/08\/weichspueler-e1760001110755.png\" \/>\n\t<meta property=\"og:image:width\" content=\"400\" \/>\n\t<meta property=\"og:image:height\" content=\"300\" \/>\n\t<meta property=\"og:image:type\" content=\"image\/png\" \/>\n<meta name=\"author\" content=\"Andrea\" \/>\n<meta name=\"twitter:card\" content=\"summary_large_image\" \/>\n<meta name=\"twitter:label1\" content=\"Written by\" \/>\n\t<meta name=\"twitter:data1\" content=\"Andrea\" \/>\n\t<meta name=\"twitter:label2\" content=\"Est. reading time\" \/>\n\t<meta name=\"twitter:data2\" content=\"4 minutes\" \/>\n<script type=\"application\/ld+json\" class=\"yoast-schema-graph\">{\"@context\":\"https:\/\/schema.org\",\"@graph\":[{\"@type\":\"Article\",\"@id\":\"https:\/\/www.andrina.de\/index.php\/feiner-weichspuler-mit-mandelduft\/#article\",\"isPartOf\":{\"@id\":\"https:\/\/www.andrina.de\/index.php\/feiner-weichspuler-mit-mandelduft\/\"},\"author\":{\"name\":\"Andrea\",\"@id\":\"https:\/\/www.andrina.de\/#\/schema\/person\/f274a8f7ace93f1eb49f0b5601c26b12\"},\"headline\":\"Feiner Weichsp\u00fcler mit Mandelduft\",\"datePublished\":\"2022-08-26T06:45:49+00:00\",\"dateModified\":\"2025-10-09T09:15:41+00:00\",\"mainEntityOfPage\":{\"@id\":\"https:\/\/www.andrina.de\/index.php\/feiner-weichspuler-mit-mandelduft\/\"},\"wordCount\":612,\"commentCount\":0,\"publisher\":{\"@id\":\"https:\/\/www.andrina.de\/#organization\"},\"keywords\":[\"umweltfreundlich\",\"Waschen\",\"Waschmittel\",\"Zitronens\u00e4ure\"],\"articleSection\":[\"Beautytipps\",\"Gr\u00fcner Daumen\",\"Haushaltstipps\",\"Hausmittel\",\"Tipps\",\"Zitronens\u00e4ure\"],\"inLanguage\":\"de\",\"potentialAction\":[{\"@type\":\"CommentAction\",\"name\":\"Comment\",\"target\":[\"https:\/\/www.andrina.de\/index.php\/feiner-weichspuler-mit-mandelduft\/#respond\"]}]},{\"@type\":\"WebPage\",\"@id\":\"https:\/\/www.andrina.de\/index.php\/feiner-weichspuler-mit-mandelduft\/\",\"url\":\"https:\/\/www.andrina.de\/index.php\/feiner-weichspuler-mit-mandelduft\/\",\"name\":\"Feiner Weichsp\u00fcler mit Mandelduft - Andrina.de\",\"isPartOf\":{\"@id\":\"https:\/\/www.andrina.de\/#website\"},\"datePublished\":\"2022-08-26T06:45:49+00:00\",\"dateModified\":\"2025-10-09T09:15:41+00:00\",\"description\":\"Feiner Weichsp\u00fcler mit Mandelduft. Ihr werdet \u00fcberrascht sein, wie weich sich eure W\u00e4sche nach dem Waschgang anf\u00fchlt.\",\"breadcrumb\":{\"@id\":\"https:\/\/www.andrina.de\/index.php\/feiner-weichspuler-mit-mandelduft\/#breadcrumb\"},\"inLanguage\":\"de\",\"potentialAction\":[{\"@type\":\"ReadAction\",\"target\":[\"https:\/\/www.andrina.de\/index.php\/feiner-weichspuler-mit-mandelduft\/\"]}]},{\"@type\":\"BreadcrumbList\",\"@id\":\"https:\/\/www.andrina.de\/index.php\/feiner-weichspuler-mit-mandelduft\/#breadcrumb\",\"itemListElement\":[{\"@type\":\"ListItem\",\"position\":1,\"name\":\"Home\",\"item\":\"https:\/\/www.andrina.de\/\"},{\"@type\":\"ListItem\",\"position\":2,\"name\":\"Feiner Weichsp\u00fcler mit Mandelduft\"}]},{\"@type\":\"WebSite\",\"@id\":\"https:\/\/www.andrina.de\/#website\",\"url\":\"https:\/\/www.andrina.de\/\",\"name\":\"Andrina.de\",\"description\":\"Blogazine gesponsert von purux\",\"publisher\":{\"@id\":\"https:\/\/www.andrina.de\/#organization\"},\"potentialAction\":[{\"@type\":\"SearchAction\",\"target\":{\"@type\":\"EntryPoint\",\"urlTemplate\":\"https:\/\/www.andrina.de\/?s={search_term_string}\"},\"query-input\":\"required name=search_term_string\"}],\"inLanguage\":\"de\"},{\"@type\":\"Organization\",\"@id\":\"https:\/\/www.andrina.de\/#organization\",\"name\":\"Andrina.de\",\"url\":\"https:\/\/www.andrina.de\/\",\"logo\":{\"@type\":\"ImageObject\",\"inLanguage\":\"de\",\"@id\":\"https:\/\/www.andrina.de\/#\/schema\/logo\/image\/\",\"url\":\"https:\/\/www.andrina.de\/wp-content\/uploads\/2020\/09\/cropped-Andrina.de_Logo_final-2.png\",\"contentUrl\":\"https:\/\/www.andrina.de\/wp-content\/uploads\/2020\/09\/cropped-Andrina.de_Logo_final-2.png\",\"width\":1042,\"height\":984,\"caption\":\"Andrina.de\"},\"image\":{\"@id\":\"https:\/\/www.andrina.de\/#\/schema\/logo\/image\/\"}},{\"@type\":\"Person\",\"@id\":\"https:\/\/www.andrina.de\/#\/schema\/person\/f274a8f7ace93f1eb49f0b5601c26b12\",\"name\":\"Andrea\",\"image\":{\"@type\":\"ImageObject\",\"inLanguage\":\"de\",\"@id\":\"https:\/\/www.andrina.de\/#\/schema\/person\/image\/\",\"url\":\"https:\/\/secure.gravatar.com\/avatar\/2834dcd6bfff12c55bf81682f16c1fb0?s=96&d=blank&r=g\",\"contentUrl\":\"https:\/\/secure.gravatar.com\/avatar\/2834dcd6bfff12c55bf81682f16c1fb0?s=96&d=blank&r=g\",\"caption\":\"Andrea\"},\"description\":\"Autorin, Fotografin, Social Media Spezialistin.\",\"url\":\"https:\/\/www.andrina.de\/index.php\/author\/andrina\/\"}]}<\/script>\n<!-- \/ Yoast SEO plugin. -->","yoast_head_json":{"title":"Feiner Weichsp\u00fcler mit Mandelduft - Andrina.de","description":"Feiner Weichsp\u00fcler mit Mandelduft. Ihr werdet \u00fcberrascht sein, wie weich sich eure W\u00e4sche nach dem Waschgang anf\u00fchlt.","robots":{"index":"index","follow":"follow","max-snippet":"max-snippet:-1","max-image-preview":"max-image-preview:large","max-video-preview":"max-video-preview:-1"},"canonical":"https:\/\/www.andrina.de\/index.php\/feiner-weichspuler-mit-mandelduft\/","og_locale":"de_DE","og_type":"article","og_title":"Feiner Weichsp\u00fcler mit Mandelduft - Andrina.de","og_description":"Feiner Weichsp\u00fcler mit Mandelduft. Ihr werdet \u00fcberrascht sein, wie weich sich eure W\u00e4sche nach dem Waschgang anf\u00fchlt.","og_url":"https:\/\/www.andrina.de\/index.php\/feiner-weichspuler-mit-mandelduft\/","og_site_name":"Andrina.de","article_published_time":"2022-08-26T06:45:49+00:00","article_modified_time":"2025-10-09T09:15:41+00:00","og_image":[{"width":400,"height":300,"url":"https:\/\/www.andrina.de\/wp-content\/uploads\/2022\/08\/weichspueler-e1760001110755.png","type":"image\/png"}],"author":"Andrea","twitter_card":"summary_large_image","twitter_misc":{"Written by":"Andrea","Est. reading time":"4 minutes"},"schema":{"@context":"https:\/\/schema.org","@graph":[{"@type":"Article","@id":"https:\/\/www.andrina.de\/index.php\/feiner-weichspuler-mit-mandelduft\/#article","isPartOf":{"@id":"https:\/\/www.andrina.de\/index.php\/feiner-weichspuler-mit-mandelduft\/"},"author":{"name":"Andrea","@id":"https:\/\/www.andrina.de\/#\/schema\/person\/f274a8f7ace93f1eb49f0b5601c26b12"},"headline":"Feiner Weichsp\u00fcler mit Mandelduft","datePublished":"2022-08-26T06:45:49+00:00","dateModified":"2025-10-09T09:15:41+00:00","mainEntityOfPage":{"@id":"https:\/\/www.andrina.de\/index.php\/feiner-weichspuler-mit-mandelduft\/"},"wordCount":612,"commentCount":0,"publisher":{"@id":"https:\/\/www.andrina.de\/#organization"},"keywords":["umweltfreundlich","Waschen","Waschmittel","Zitronens\u00e4ure"],"articleSection":["Beautytipps","Gr\u00fcner Daumen","Haushaltstipps","Hausmittel","Tipps","Zitronens\u00e4ure"],"inLanguage":"de","potentialAction":[{"@type":"CommentAction","name":"Comment","target":["https:\/\/www.andrina.de\/index.php\/feiner-weichspuler-mit-mandelduft\/#respond"]}]},{"@type":"WebPage","@id":"https:\/\/www.andrina.de\/index.php\/feiner-weichspuler-mit-mandelduft\/","url":"https:\/\/www.andrina.de\/index.php\/feiner-weichspuler-mit-mandelduft\/","name":"Feiner Weichsp\u00fcler mit Mandelduft - Andrina.de","isPartOf":{"@id":"https:\/\/www.andrina.de\/#website"},"datePublished":"2022-08-26T06:45:49+00:00","dateModified":"2025-10-09T09:15:41+00:00","description":"Feiner Weichsp\u00fcler mit Mandelduft. Ihr werdet \u00fcberrascht sein, wie weich sich eure W\u00e4sche nach dem Waschgang anf\u00fchlt.","breadcrumb":{"@id":"https:\/\/www.andrina.de\/index.php\/feiner-weichspuler-mit-mandelduft\/#breadcrumb"},"inLanguage":"de","potentialAction":[{"@type":"ReadAction","target":["https:\/\/www.andrina.de\/index.php\/feiner-weichspuler-mit-mandelduft\/"]}]},{"@type":"BreadcrumbList","@id":"https:\/\/www.andrina.de\/index.php\/feiner-weichspuler-mit-mandelduft\/#breadcrumb","itemListElement":[{"@type":"ListItem","position":1,"name":"Home","item":"https:\/\/www.andrina.de\/"},{"@type":"ListItem","position":2,"name":"Feiner Weichsp\u00fcler mit Mandelduft"}]},{"@type":"WebSite","@id":"https:\/\/www.andrina.de\/#website","url":"https:\/\/www.andrina.de\/","name":"Andrina.de","description":"Blogazine gesponsert von purux","publisher":{"@id":"https:\/\/www.andrina.de\/#organization"},"potentialAction":[{"@type":"SearchAction","target":{"@type":"EntryPoint","urlTemplate":"https:\/\/www.andrina.de\/?s={search_term_string}"},"query-input":"required name=search_term_string"}],"inLanguage":"de"},{"@type":"Organization","@id":"https:\/\/www.andrina.de\/#organization","name":"Andrina.de","url":"https:\/\/www.andrina.de\/","logo":{"@type":"ImageObject","inLanguage":"de","@id":"https:\/\/www.andrina.de\/#\/schema\/logo\/image\/","url":"https:\/\/www.andrina.de\/wp-content\/uploads\/2020\/09\/cropped-Andrina.de_Logo_final-2.png","contentUrl":"https:\/\/www.andrina.de\/wp-content\/uploads\/2020\/09\/cropped-Andrina.de_Logo_final-2.png","width":1042,"height":984,"caption":"Andrina.de"},"image":{"@id":"https:\/\/www.andrina.de\/#\/schema\/logo\/image\/"}},{"@type":"Person","@id":"https:\/\/www.andrina.de\/#\/schema\/person\/f274a8f7ace93f1eb49f0b5601c26b12","name":"Andrea","image":{"@type":"ImageObject","inLanguage":"de","@id":"https:\/\/www.andrina.de\/#\/schema\/person\/image\/","url":"https:\/\/secure.gravatar.com\/avatar\/2834dcd6bfff12c55bf81682f16c1fb0?s=96&d=blank&r=g","contentUrl":"https:\/\/secure.gravatar.com\/avatar\/2834dcd6bfff12c55bf81682f16c1fb0?s=96&d=blank&r=g","caption":"Andrea"},"description":"Autorin, Fotografin, Social Media Spezialistin.","url":"https:\/\/www.andrina.de\/index.php\/author\/andrina\/"}]}},"_edit_lock":"1760001341:1","_edit_last":"1","layout_key":"","post_slider_check_key":"0","yarpp_meta":{"yarpp_display_for_this_post":1},"_yoast_wpseo_content_score":"90","_yoast_wpseo_estimated-reading-time-minutes":"4","tc-thumb-fld":{"_thumb_id":9598,"_thumb_type":"thumb"},"fpu-thumb-fld":{"_thumb_id":9598,"_thumb_type":"thumb"},"_yoast_wpseo_focuskw":"Weichsp\u00fcler","_yoast_wpseo_metadesc":"Feiner Weichsp\u00fcler mit Mandelduft. Ihr werdet \u00fcberrascht sein, wie weich sich eure W\u00e4sche nach dem Waschgang anf\u00fchlt.","_yoast_wpseo_linkdex":"78","_yoast_wpseo_primary_category":"7","_thumbnail_id":"9598","_yoast_wpseo_wordproof_timestamp":"","_wp_old_date":"","_wp_old_slug":"","_yoast_wpseo_opengraph-image":"","_yoast_wpseo_opengraph-image-id":"","_yoast_wpseo_opengraph-title":"","_yoast_wpseo_opengraph-description":"","_yoast_wpseo_twitter-title":"","_yoast_wpseo_twitter-description":"","_oembed_cafb4eaa37915e2e85b1cdc01d543c63":"","_oembed_52de83b8f720eae89a85856717ec5546":"","_oembed_2d9fa4a87eea7049212c1880eff5a92e":"","_yoast_wpseo_title":"","_links":{"self":[{"href":"https:\/\/www.andrina.de\/index.php\/wp-json\/wp\/v2\/posts\/4224"}],"collection":[{"href":"https:\/\/www.andrina.de\/index.php\/wp-json\/wp\/v2\/posts"}],"about":[{"href":"https:\/\/www.andrina.de\/index.php\/wp-json\/wp\/v2\/types\/post"}],"author":[{"embeddable":true,"href":"https:\/\/www.andrina.de\/index.php\/wp-json\/wp\/v2\/users\/2"}],"replies":[{"embeddable":true,"href":"https:\/\/www.andrina.de\/index.php\/wp-json\/wp\/v2\/comments?post=4224"}],"version-history":[{"count":10,"href":"https:\/\/www.andrina.de\/index.php\/wp-json\/wp\/v2\/posts\/4224\/revisions"}],"predecessor-version":[{"id":295626,"href":"https:\/\/www.andrina.de\/index.php\/wp-json\/wp\/v2\/posts\/4224\/revisions\/295626"}],"wp:featuredmedia":[{"embeddable":true,"href":"https:\/\/www.andrina.de\/index.php\/wp-json\/wp\/v2\/media\/9598"}],"wp:attachment":[{"href":"https:\/\/www.andrina.de\/index.php\/wp-json\/wp\/v2\/media?parent=4224"}],"wp:term":[{"taxonomy":"category","embeddable":true,"href":"https:\/\/www.andrina.de\/index.php\/wp-json\/wp\/v2\/categories?post=4224"},{"taxonomy":"post_tag","embeddable":true,"href":"https:\/\/www.andrina.de\/index.php\/wp-json\/wp\/v2\/tags?post=4224"},{"taxonomy":"post_format","embeddable":true,"href":"https:\/\/www.andrina.de\/index.php\/wp-json\/wp\/v2\/post_format?post=4224"}],"curies":[{"name":"wp","href":"https:\/\/api.w.org\/{rel}","templated":true}]}}