{"id":3562,"date":"2022-03-04T15:51:44","date_gmt":"2022-03-04T14:51:44","guid":{"rendered":"https:\/\/www.andrina.de\/?p=3562"},"modified":"2024-12-18T15:04:53","modified_gmt":"2024-12-18T14:04:53","slug":"apfelessig-pflegt-und-verwohnt","status":"publish","type":"post","link":"https:\/\/www.andrina.de\/index.php\/apfelessig-pflegt-und-verwohnt\/","title":{"rendered":"Apfelessig, pflegt und verw\u00f6hnt"},"content":{"rendered":"<p><b>Apfelessig, pflegt und verw\u00f6hnt <\/b><\/p>\n<p>Nach dem Duschen verw\u00f6hnt euren K\u00f6rper mit Apfelessig. Klingt verr\u00fcckt, oder? Apfelessig findet keineswegs nur Verwendung in der K\u00fcche. Auch f\u00fcr eure Gesundheit bringt er viele Pluspunkte. Reinigt eure Haut nach dem Duschen kurz mit verd\u00fcnnten <a href=\"https:\/\/purux.de\/purux-Apfelessig-5-Liter-5-biologisch-gewonnen\/4250447219916\">Apfelessig<\/a>. Noch nie geh\u00f6rt? Nun, ich auch nicht, aber wer es nicht probiert, erf\u00e4hrt auch nicht, welche Wirkung dahintersteckt. Nachdem ihr geduscht habt, reibt eure Haut, nicht nur das Gesicht, mit einer Apfelessig -Mischung ab. Sie wird wunderbar durchblutet, ihr f\u00fchlt euch prima erfrischt und profitiert zudem (besonders Frauen), von einem straffenden Gef\u00fchl auf eurer Haut. <a href=\"https:\/\/purux.de\/purux-Apfelessig-5-Liter-5-biologisch-gewonnen\/4250447219916\" target=\"_blank\" rel=\"noopener\">Apfelessig<\/a>, pflegt und verw\u00f6hnt.<\/p>\n<h4>So geht ihr vor:<\/h4>\n<ul>\n<li>Nehmt einen Liter Wasser und ca. 4 bis 5 Essl\u00f6ffel <a href=\"https:\/\/purux.de\/purux-Apfelessig-5-Liter-5-biologisch-gewonnen\/4250447219916\">Apfelessig<\/a>. Mischt beides.<\/li>\n<li>Nach dem Duschen mit einem sauberen Tuch auf den gesamten K\u00f6rper auftragen und einmassieren.<\/li>\n<li>Danach trocknet euch ab, nochmaliges Duschen ist nicht n\u00f6tig.<\/li>\n<\/ul>\n<p><b>Beanspruchte H\u00e4nde brauchen Pflege <\/b><\/p>\n<p>Sind eure H\u00e4nde rissig ben\u00f6tigen sie dringend reichhaltige Pflege. Beanspruchte H\u00e4nde freuen sich jetzt \u00fcber ein Pflege-\u00d6l aus nur zwei einfachen Zutaten. N\u00e4mlich <a href=\"https:\/\/purux.de\/purux-Apfelessig-5-Liter-5-biologisch-gewonnen\/4250447219916\">Apfelessig<\/a> und Oliven\u00f6l.<\/p>\n<p><img decoding=\"async\" loading=\"lazy\" class=\"alignnone wp-image-3565 size-medium\" src=\"https:\/\/www.andrina.de\/wp-content\/uploads\/2022\/03\/AdobeStock_340085869-1-300x200.jpeg\" alt=\"rissige H\u00e4nde\" width=\"300\" height=\"200\" \/><\/p>\n<p>Nehmt hierzu das Verh\u00e4ltnis von 3:1. Also drei Teile Oliven\u00f6l und einen Teil <a href=\"https:\/\/purux.de\/purux-Apfelessig-5-Liter-5-biologisch-gewonnen\/4250447219916\">Apfelessig<\/a>.<\/p>\n<p>Mischt beides und gebt das Pflege-\u00d6l in eine kleine Flasche mit Spr\u00fcher, die ihr griffbereit im Bad stehen habt. Am Abend oder auch mehrmals am Tag, je nachdem wie trocken und rissig eure H\u00e4nde sind, verreibt das \u00d6l und massiert es sanft ein. Je trockener eure H\u00e4nde sind, umso schneller zieht das pflegende \u00d6l ein. Habt ihr versehentlich zu viel davon erwischt, einfach mit einem Tuch abwischen, extra abwaschen ist nicht n\u00f6tig.<\/p>\n<p>Aus meiner Sicht ist diese einfache und preiswerte Handpflege ideal f\u00fcr Leute mit sehr trockener Haut. Statt teure Mittel zu kaufen, testet dieses \u00d6l. Ihr werdet begeistert sein, eure H\u00e4nde werden weicher und sch\u00f6ner. Nach dem Sp\u00fclen oder Waschen ist diese schnelle Pflege einfach prima.<\/p>\n<p>Ihr m\u00f6chtet keinen Tipp mehr verpassen? Dann meldet euch doch f\u00fcr die <a href=\"https:\/\/www.andrina.de\/index.php\/briefe\/\">Briefe von Andrina.de<\/a> an. Damit erhaltet ihr einmal im Monat einen virtuellen Brief von uns.<\/p>\n","protected":false},"excerpt":{"rendered":"<p>Apfelessig, pflegt und verw\u00f6hnt Nach dem Duschen verw\u00f6hnt euren K\u00f6rper mit Apfelessig. Klingt verr\u00fcckt, oder? Apfelessig findet keineswegs nur Verwendung in der K\u00fcche. Auch f\u00fcr eure Gesundheit bringt er viele Pluspunkte. Reinigt eure Haut nach dem Duschen kurz mit verd\u00fcnnten Apfelessig. Noch nie geh\u00f6rt? Nun, ich auch nicht, aber wer es nicht probiert, erf\u00e4hrt auch [&hellip;]<\/p>\n","protected":false},"author":2,"featured_media":3565,"comment_status":"open","ping_status":"open","sticky":false,"template":"","format":"standard","meta":{"footnotes":""},"categories":[9,7,278,3,11,271],"tags":[156,73,69,157],"post_format":[],"yoast_head":"<!-- This site is optimized with the Yoast SEO plugin v21.4 - https:\/\/yoast.com\/wordpress\/plugins\/seo\/ -->\n<title>Apfelessig, pflegt und verw\u00f6hnt - Andrina.de<\/title>\n<meta name=\"description\" content=\"Apfelessig, pflegt und verw\u00f6hnt nach dem Duschen. Klingt verr\u00fcckt, oder? Nicht nur in der K\u00fcche, auch f\u00fcr die Gesundheit bringt er Pluspunkte.\u00a0\" \/>\n<meta name=\"robots\" content=\"index, follow, max-snippet:-1, max-image-preview:large, max-video-preview:-1\" \/>\n<link rel=\"canonical\" href=\"https:\/\/www.andrina.de\/index.php\/apfelessig-pflegt-und-verwohnt\/\" \/>\n<meta property=\"og:locale\" content=\"de_DE\" \/>\n<meta property=\"og:type\" content=\"article\" \/>\n<meta property=\"og:title\" content=\"Apfelessig, pflegt und verw\u00f6hnt - Andrina.de\" \/>\n<meta property=\"og:description\" content=\"Apfelessig, pflegt und verw\u00f6hnt nach dem Duschen. Klingt verr\u00fcckt, oder? Nicht nur in der K\u00fcche, auch f\u00fcr die Gesundheit bringt er Pluspunkte.\u00a0\" \/>\n<meta property=\"og:url\" content=\"https:\/\/www.andrina.de\/index.php\/apfelessig-pflegt-und-verwohnt\/\" \/>\n<meta property=\"og:site_name\" content=\"Andrina.de\" \/>\n<meta property=\"article:published_time\" content=\"2022-03-04T14:51:44+00:00\" \/>\n<meta property=\"article:modified_time\" content=\"2024-12-18T14:04:53+00:00\" \/>\n<meta property=\"og:image\" content=\"https:\/\/www.andrina.de\/wp-content\/uploads\/2022\/03\/AdobeStock_340085869-1-scaled-e1718275923851.jpeg\" \/>\n\t<meta property=\"og:image:width\" content=\"1200\" \/>\n\t<meta property=\"og:image:height\" content=\"800\" \/>\n\t<meta property=\"og:image:type\" content=\"image\/jpeg\" \/>\n<meta name=\"author\" content=\"Andrea\" \/>\n<meta name=\"twitter:card\" content=\"summary_large_image\" \/>\n<meta name=\"twitter:label1\" content=\"Written by\" \/>\n\t<meta name=\"twitter:data1\" content=\"Andrea\" \/>\n\t<meta name=\"twitter:label2\" content=\"Est. reading time\" \/>\n\t<meta name=\"twitter:data2\" content=\"3 minutes\" \/>\n<script type=\"application\/ld+json\" class=\"yoast-schema-graph\">{\"@context\":\"https:\/\/schema.org\",\"@graph\":[{\"@type\":\"Article\",\"@id\":\"https:\/\/www.andrina.de\/index.php\/apfelessig-pflegt-und-verwohnt\/#article\",\"isPartOf\":{\"@id\":\"https:\/\/www.andrina.de\/index.php\/apfelessig-pflegt-und-verwohnt\/\"},\"author\":{\"name\":\"Andrea\",\"@id\":\"https:\/\/www.andrina.de\/#\/schema\/person\/f274a8f7ace93f1eb49f0b5601c26b12\"},\"headline\":\"Apfelessig, pflegt und verw\u00f6hnt\",\"datePublished\":\"2022-03-04T14:51:44+00:00\",\"dateModified\":\"2024-12-18T14:04:53+00:00\",\"mainEntityOfPage\":{\"@id\":\"https:\/\/www.andrina.de\/index.php\/apfelessig-pflegt-und-verwohnt\/\"},\"wordCount\":366,\"commentCount\":0,\"publisher\":{\"@id\":\"https:\/\/www.andrina.de\/#organization\"},\"keywords\":[\"Apfelessig\",\"H\u00e4nde\",\"Haut\",\"Pflege\"],\"articleSection\":[\"Artikel\",\"Beautytipps\",\"Essig\",\"Haushaltstipps\",\"Lesetipps\",\"Tipps\"],\"inLanguage\":\"de\",\"potentialAction\":[{\"@type\":\"CommentAction\",\"name\":\"Comment\",\"target\":[\"https:\/\/www.andrina.de\/index.php\/apfelessig-pflegt-und-verwohnt\/#respond\"]}]},{\"@type\":\"WebPage\",\"@id\":\"https:\/\/www.andrina.de\/index.php\/apfelessig-pflegt-und-verwohnt\/\",\"url\":\"https:\/\/www.andrina.de\/index.php\/apfelessig-pflegt-und-verwohnt\/\",\"name\":\"Apfelessig, pflegt und verw\u00f6hnt - Andrina.de\",\"isPartOf\":{\"@id\":\"https:\/\/www.andrina.de\/#website\"},\"datePublished\":\"2022-03-04T14:51:44+00:00\",\"dateModified\":\"2024-12-18T14:04:53+00:00\",\"description\":\"Apfelessig, pflegt und verw\u00f6hnt nach dem Duschen. Klingt verr\u00fcckt, oder? Nicht nur in der K\u00fcche, auch f\u00fcr die Gesundheit bringt er Pluspunkte.\u00a0\",\"breadcrumb\":{\"@id\":\"https:\/\/www.andrina.de\/index.php\/apfelessig-pflegt-und-verwohnt\/#breadcrumb\"},\"inLanguage\":\"de\",\"potentialAction\":[{\"@type\":\"ReadAction\",\"target\":[\"https:\/\/www.andrina.de\/index.php\/apfelessig-pflegt-und-verwohnt\/\"]}]},{\"@type\":\"BreadcrumbList\",\"@id\":\"https:\/\/www.andrina.de\/index.php\/apfelessig-pflegt-und-verwohnt\/#breadcrumb\",\"itemListElement\":[{\"@type\":\"ListItem\",\"position\":1,\"name\":\"Home\",\"item\":\"https:\/\/www.andrina.de\/\"},{\"@type\":\"ListItem\",\"position\":2,\"name\":\"Apfelessig, pflegt und verw\u00f6hnt\"}]},{\"@type\":\"WebSite\",\"@id\":\"https:\/\/www.andrina.de\/#website\",\"url\":\"https:\/\/www.andrina.de\/\",\"name\":\"Andrina.de\",\"description\":\"Blogazine gesponsert von purux\",\"publisher\":{\"@id\":\"https:\/\/www.andrina.de\/#organization\"},\"potentialAction\":[{\"@type\":\"SearchAction\",\"target\":{\"@type\":\"EntryPoint\",\"urlTemplate\":\"https:\/\/www.andrina.de\/?s={search_term_string}\"},\"query-input\":\"required name=search_term_string\"}],\"inLanguage\":\"de\"},{\"@type\":\"Organization\",\"@id\":\"https:\/\/www.andrina.de\/#organization\",\"name\":\"Andrina.de\",\"url\":\"https:\/\/www.andrina.de\/\",\"logo\":{\"@type\":\"ImageObject\",\"inLanguage\":\"de\",\"@id\":\"https:\/\/www.andrina.de\/#\/schema\/logo\/image\/\",\"url\":\"https:\/\/www.andrina.de\/wp-content\/uploads\/2020\/09\/cropped-Andrina.de_Logo_final-2.png\",\"contentUrl\":\"https:\/\/www.andrina.de\/wp-content\/uploads\/2020\/09\/cropped-Andrina.de_Logo_final-2.png\",\"width\":1042,\"height\":984,\"caption\":\"Andrina.de\"},\"image\":{\"@id\":\"https:\/\/www.andrina.de\/#\/schema\/logo\/image\/\"}},{\"@type\":\"Person\",\"@id\":\"https:\/\/www.andrina.de\/#\/schema\/person\/f274a8f7ace93f1eb49f0b5601c26b12\",\"name\":\"Andrea\",\"image\":{\"@type\":\"ImageObject\",\"inLanguage\":\"de\",\"@id\":\"https:\/\/www.andrina.de\/#\/schema\/person\/image\/\",\"url\":\"https:\/\/secure.gravatar.com\/avatar\/2834dcd6bfff12c55bf81682f16c1fb0?s=96&d=blank&r=g\",\"contentUrl\":\"https:\/\/secure.gravatar.com\/avatar\/2834dcd6bfff12c55bf81682f16c1fb0?s=96&d=blank&r=g\",\"caption\":\"Andrea\"},\"description\":\"Autorin, Fotografin, Social Media Spezialistin.\",\"url\":\"https:\/\/www.andrina.de\/index.php\/author\/andrina\/\"}]}<\/script>\n<!-- \/ Yoast SEO plugin. -->","yoast_head_json":{"title":"Apfelessig, pflegt und verw\u00f6hnt - Andrina.de","description":"Apfelessig, pflegt und verw\u00f6hnt nach dem Duschen. Klingt verr\u00fcckt, oder? Nicht nur in der K\u00fcche, auch f\u00fcr die Gesundheit bringt er Pluspunkte.\u00a0","robots":{"index":"index","follow":"follow","max-snippet":"max-snippet:-1","max-image-preview":"max-image-preview:large","max-video-preview":"max-video-preview:-1"},"canonical":"https:\/\/www.andrina.de\/index.php\/apfelessig-pflegt-und-verwohnt\/","og_locale":"de_DE","og_type":"article","og_title":"Apfelessig, pflegt und verw\u00f6hnt - Andrina.de","og_description":"Apfelessig, pflegt und verw\u00f6hnt nach dem Duschen. Klingt verr\u00fcckt, oder? Nicht nur in der K\u00fcche, auch f\u00fcr die Gesundheit bringt er Pluspunkte.\u00a0","og_url":"https:\/\/www.andrina.de\/index.php\/apfelessig-pflegt-und-verwohnt\/","og_site_name":"Andrina.de","article_published_time":"2022-03-04T14:51:44+00:00","article_modified_time":"2024-12-18T14:04:53+00:00","og_image":[{"width":1200,"height":800,"url":"https:\/\/www.andrina.de\/wp-content\/uploads\/2022\/03\/AdobeStock_340085869-1-scaled-e1718275923851.jpeg","type":"image\/jpeg"}],"author":"Andrea","twitter_card":"summary_large_image","twitter_misc":{"Written by":"Andrea","Est. reading time":"3 minutes"},"schema":{"@context":"https:\/\/schema.org","@graph":[{"@type":"Article","@id":"https:\/\/www.andrina.de\/index.php\/apfelessig-pflegt-und-verwohnt\/#article","isPartOf":{"@id":"https:\/\/www.andrina.de\/index.php\/apfelessig-pflegt-und-verwohnt\/"},"author":{"name":"Andrea","@id":"https:\/\/www.andrina.de\/#\/schema\/person\/f274a8f7ace93f1eb49f0b5601c26b12"},"headline":"Apfelessig, pflegt und verw\u00f6hnt","datePublished":"2022-03-04T14:51:44+00:00","dateModified":"2024-12-18T14:04:53+00:00","mainEntityOfPage":{"@id":"https:\/\/www.andrina.de\/index.php\/apfelessig-pflegt-und-verwohnt\/"},"wordCount":366,"commentCount":0,"publisher":{"@id":"https:\/\/www.andrina.de\/#organization"},"keywords":["Apfelessig","H\u00e4nde","Haut","Pflege"],"articleSection":["Artikel","Beautytipps","Essig","Haushaltstipps","Lesetipps","Tipps"],"inLanguage":"de","potentialAction":[{"@type":"CommentAction","name":"Comment","target":["https:\/\/www.andrina.de\/index.php\/apfelessig-pflegt-und-verwohnt\/#respond"]}]},{"@type":"WebPage","@id":"https:\/\/www.andrina.de\/index.php\/apfelessig-pflegt-und-verwohnt\/","url":"https:\/\/www.andrina.de\/index.php\/apfelessig-pflegt-und-verwohnt\/","name":"Apfelessig, pflegt und verw\u00f6hnt - Andrina.de","isPartOf":{"@id":"https:\/\/www.andrina.de\/#website"},"datePublished":"2022-03-04T14:51:44+00:00","dateModified":"2024-12-18T14:04:53+00:00","description":"Apfelessig, pflegt und verw\u00f6hnt nach dem Duschen. Klingt verr\u00fcckt, oder? Nicht nur in der K\u00fcche, auch f\u00fcr die Gesundheit bringt er Pluspunkte.\u00a0","breadcrumb":{"@id":"https:\/\/www.andrina.de\/index.php\/apfelessig-pflegt-und-verwohnt\/#breadcrumb"},"inLanguage":"de","potentialAction":[{"@type":"ReadAction","target":["https:\/\/www.andrina.de\/index.php\/apfelessig-pflegt-und-verwohnt\/"]}]},{"@type":"BreadcrumbList","@id":"https:\/\/www.andrina.de\/index.php\/apfelessig-pflegt-und-verwohnt\/#breadcrumb","itemListElement":[{"@type":"ListItem","position":1,"name":"Home","item":"https:\/\/www.andrina.de\/"},{"@type":"ListItem","position":2,"name":"Apfelessig, pflegt und verw\u00f6hnt"}]},{"@type":"WebSite","@id":"https:\/\/www.andrina.de\/#website","url":"https:\/\/www.andrina.de\/","name":"Andrina.de","description":"Blogazine gesponsert von purux","publisher":{"@id":"https:\/\/www.andrina.de\/#organization"},"potentialAction":[{"@type":"SearchAction","target":{"@type":"EntryPoint","urlTemplate":"https:\/\/www.andrina.de\/?s={search_term_string}"},"query-input":"required name=search_term_string"}],"inLanguage":"de"},{"@type":"Organization","@id":"https:\/\/www.andrina.de\/#organization","name":"Andrina.de","url":"https:\/\/www.andrina.de\/","logo":{"@type":"ImageObject","inLanguage":"de","@id":"https:\/\/www.andrina.de\/#\/schema\/logo\/image\/","url":"https:\/\/www.andrina.de\/wp-content\/uploads\/2020\/09\/cropped-Andrina.de_Logo_final-2.png","contentUrl":"https:\/\/www.andrina.de\/wp-content\/uploads\/2020\/09\/cropped-Andrina.de_Logo_final-2.png","width":1042,"height":984,"caption":"Andrina.de"},"image":{"@id":"https:\/\/www.andrina.de\/#\/schema\/logo\/image\/"}},{"@type":"Person","@id":"https:\/\/www.andrina.de\/#\/schema\/person\/f274a8f7ace93f1eb49f0b5601c26b12","name":"Andrea","image":{"@type":"ImageObject","inLanguage":"de","@id":"https:\/\/www.andrina.de\/#\/schema\/person\/image\/","url":"https:\/\/secure.gravatar.com\/avatar\/2834dcd6bfff12c55bf81682f16c1fb0?s=96&d=blank&r=g","contentUrl":"https:\/\/secure.gravatar.com\/avatar\/2834dcd6bfff12c55bf81682f16c1fb0?s=96&d=blank&r=g","caption":"Andrea"},"description":"Autorin, Fotografin, Social Media Spezialistin.","url":"https:\/\/www.andrina.de\/index.php\/author\/andrina\/"}]}},"_edit_lock":"1734530694:1","_edit_last":"1","layout_key":"","post_slider_check_key":"0","yarpp_meta":{"yarpp_display_for_this_post":1},"_yoast_wpseo_content_score":"90","_yoast_wpseo_estimated-reading-time-minutes":"3","tc-thumb-fld":{"_thumb_id":3565,"_thumb_type":"thumb"},"fpu-thumb-fld":{"_thumb_id":3565,"_thumb_type":"thumb"},"_yoast_wpseo_focuskw":"Apfelessig pflegt und verw\u00f6hnt","_yoast_wpseo_metadesc":"Apfelessig, pflegt und verw\u00f6hnt nach dem Duschen. Klingt verr\u00fcckt, oder? Nicht nur in der K\u00fcche, auch f\u00fcr die Gesundheit bringt er Pluspunkte.\u00a0","_yoast_wpseo_linkdex":"78","_yoast_wpseo_primary_category":"9","_thumbnail_id":"3565","_yoast_wpseo_wordproof_timestamp":"","_wp_old_date":"","_wp_old_slug":"","_yoast_wpseo_opengraph-image":"","_yoast_wpseo_opengraph-image-id":"","_yoast_wpseo_opengraph-title":"","_yoast_wpseo_opengraph-description":"","_yoast_wpseo_twitter-title":"","_yoast_wpseo_twitter-description":"","_oembed_cafb4eaa37915e2e85b1cdc01d543c63":"","_oembed_52de83b8f720eae89a85856717ec5546":"","_oembed_2d9fa4a87eea7049212c1880eff5a92e":"","_yoast_wpseo_title":"","_links":{"self":[{"href":"https:\/\/www.andrina.de\/index.php\/wp-json\/wp\/v2\/posts\/3562"}],"collection":[{"href":"https:\/\/www.andrina.de\/index.php\/wp-json\/wp\/v2\/posts"}],"about":[{"href":"https:\/\/www.andrina.de\/index.php\/wp-json\/wp\/v2\/types\/post"}],"author":[{"embeddable":true,"href":"https:\/\/www.andrina.de\/index.php\/wp-json\/wp\/v2\/users\/2"}],"replies":[{"embeddable":true,"href":"https:\/\/www.andrina.de\/index.php\/wp-json\/wp\/v2\/comments?post=3562"}],"version-history":[{"count":7,"href":"https:\/\/www.andrina.de\/index.php\/wp-json\/wp\/v2\/posts\/3562\/revisions"}],"predecessor-version":[{"id":180669,"href":"https:\/\/www.andrina.de\/index.php\/wp-json\/wp\/v2\/posts\/3562\/revisions\/180669"}],"wp:featuredmedia":[{"embeddable":true,"href":"https:\/\/www.andrina.de\/index.php\/wp-json\/wp\/v2\/media\/3565"}],"wp:attachment":[{"href":"https:\/\/www.andrina.de\/index.php\/wp-json\/wp\/v2\/media?parent=3562"}],"wp:term":[{"taxonomy":"category","embeddable":true,"href":"https:\/\/www.andrina.de\/index.php\/wp-json\/wp\/v2\/categories?post=3562"},{"taxonomy":"post_tag","embeddable":true,"href":"https:\/\/www.andrina.de\/index.php\/wp-json\/wp\/v2\/tags?post=3562"},{"taxonomy":"post_format","embeddable":true,"href":"https:\/\/www.andrina.de\/index.php\/wp-json\/wp\/v2\/post_format?post=3562"}],"curies":[{"name":"wp","href":"https:\/\/api.w.org\/{rel}","templated":true}]}}