{"id":3522,"date":"2022-03-04T10:31:08","date_gmt":"2022-03-04T09:31:08","guid":{"rendered":"https:\/\/www.andrina.de\/?p=3522"},"modified":"2024-12-18T15:04:14","modified_gmt":"2024-12-18T14:04:14","slug":"haare-spulen-mit-apfelessig","status":"publish","type":"post","link":"https:\/\/www.andrina.de\/index.php\/haare-spulen-mit-apfelessig\/","title":{"rendered":"Haare sp\u00fclen mit Apfelessig"},"content":{"rendered":"<h3>Haare sp\u00fclen mit Apfelessig<\/h3>\n<p>Kr\u00e4uter verfeinern nicht nur Speisen, sondern tun auch den Haaren gut. Haare waschen mit <a href=\"https:\/\/purux.de\/purux-Apfelessig-5-Liter-5-biologisch-gewonnen\/4250447219916\">Apfelessig<\/a>, klingt seltsam, aber wirkt positiv auf eure Haargesundheit. Wer seine Haare gut pflegen m\u00f6chte, sp\u00fclt sie nach dem Waschen mit einer pflegenden Sp\u00fclung. Am besten mit <a href=\"https:\/\/purux.de\/purux-Apfelessig-5-Liter-5-biologisch-gewonnen\/4250447219916\" target=\"_blank\" rel=\"noopener\">Apfelessig<\/a>, den setzt ihr wie folgt an. Haare sp\u00fclen mit Apfelessig.<\/p>\n<h4>Ihr ben\u00f6tigt:<\/h4>\n<ul>\n<li>ein mittelgro\u00dfes Schraubglas<\/li>\n<li>ca. 200 bis 300 ml <a href=\"https:\/\/purux.de\/purux-Apfelessig-5-Liter-5-biologisch-gewonnen\/4250447219916\">Apfelessig<\/a><\/li>\n<li>1 Handvoll getrocknete Bl\u00fcten oder Bl\u00e4tter eurer Wahl<\/li>\n<\/ul>\n<p><img decoding=\"async\" loading=\"lazy\" class=\"alignnone wp-image-3527 size-medium\" src=\"https:\/\/www.andrina.de\/wp-content\/uploads\/2022\/03\/flowers-gf7cb0cb45_640-300x300.jpg\" alt=\"Apfelessig, Sp\u00fclung, Kr\u00e4uter, getrocknet \" width=\"300\" height=\"300\" srcset=\"https:\/\/www.andrina.de\/wp-content\/uploads\/2022\/03\/flowers-gf7cb0cb45_640-300x300.jpg 300w, https:\/\/www.andrina.de\/wp-content\/uploads\/2022\/03\/flowers-gf7cb0cb45_640-150x150.jpg 150w, https:\/\/www.andrina.de\/wp-content\/uploads\/2022\/03\/flowers-gf7cb0cb45_640-570x570.jpg 570w, https:\/\/www.andrina.de\/wp-content\/uploads\/2022\/03\/flowers-gf7cb0cb45_640-510x510.jpg 510w, https:\/\/www.andrina.de\/wp-content\/uploads\/2022\/03\/flowers-gf7cb0cb45_640-120x120.jpg 120w, https:\/\/www.andrina.de\/wp-content\/uploads\/2022\/03\/flowers-gf7cb0cb45_640.jpg 640w\" sizes=\"(max-width: 300px) 100vw, 300px\" \/><\/p>\n<p><b>So setzt ihr den Haarsud an: <\/b><\/p>\n<ul>\n<li>Schichtet die getrockneten Kr\u00e4uter in ein Glas.<\/li>\n<li>Gie\u00dft so viel <a href=\"https:\/\/purux.de\/purux-Apfelessig-5-Liter-5-biologisch-gewonnen\/4250447219916\">Apfelessig<\/a> auf, dass die Kr\u00e4uter bedeckt sind.<\/li>\n<li>Verschlie\u00dft das Glas fest und lasst den Ansatz ca. 14 Tage ziehen, gern auch drei Wochen.<\/li>\n<li>Wichtig ist, des \u00d6fteren sch\u00fctteln, damit sich die Wirkstoffe besser entfalten bzw. l\u00f6sen k\u00f6nnen.<\/li>\n<li>Nach dieser Zeit den Sud durch ein Sieb gie\u00dfen und in eine Flasche f\u00fcllen.<\/li>\n<\/ul>\n<p>Fertig, ihr k\u00f6nnt jetzt diese saure Rinse zur Pflege eurer Haare verwenden. Beachtet das Verh\u00e4ltnis. Auf ein Liter (kaltem) Wasser nehmt ihr 1 oder 2 Essl\u00f6ffel des Suds. Gebt den Kr\u00e4uter-Apfelessig nach eurer normalen Haarw\u00e4sche \u00fcber die Haare. Haare mit einem Handtuch umwickeln und am besten an der Luft trocknen lassen. Auswaschen ist nicht n\u00f6tig.<\/p>\n<h4>Kr\u00e4uter k\u00f6nnt ihr nach Belieben verwenden&#8230;<\/h4>\n<p>Mein Favorit ist Birke, denn sie beugt Schuppenbildung vor. Weniger bekannt ist die Kletterwurzel, sie hilft gegen juckende und schuppige Kopfhaut. Zudem sind die Haare danach leichter k\u00e4mmbar. Brennnessel ist auch sehr beliebt. Sie kr\u00e4ftigt die Haare, probiert es aus. Ebenso Rosmarin, dadurch bekommt eurer Haar mehr Glanz.<\/p>\n<p>Eure Haar-Apfelessig-Sp\u00fclung k\u00f6nnte ihr noch verfeinern, indem ihr ein paar Tropfen \u00e4therisches \u00d6l zugebt. Zeder und Teebaum\u00f6l helfen gegen Haarausfall und fettigem Haar, zudem riechen beide sehr intensiv. Ich pers\u00f6nlich verwende Eukalyptus, dieses \u00d6l stimuliert die Kopfhaut, f\u00fcr blonde Haare ist Zitrone optimal.<\/p>\n<p>Testes es und schaut, wie sich eure Haare nach ein paar Wochen anf\u00fchlen.<\/p>\n<p>Ihr m\u00f6chtet keinen Tipp mehr verpassen? Dann meldet euch doch f\u00fcr die <a href=\"https:\/\/www.andrina.de\/index.php\/briefe\/\">Briefe von Andrina.de<\/a> an. Damit erhaltet ihr einmal im Monat einen virtuellen Brief von uns.<\/p>\n","protected":false},"excerpt":{"rendered":"<p>Haare sp\u00fclen mit Apfelessig Kr\u00e4uter verfeinern nicht nur Speisen, sondern tun auch den Haaren gut. Haare waschen mit Apfelessig, klingt seltsam, aber wirkt positiv auf eure Haargesundheit. Wer seine Haare gut pflegen m\u00f6chte, sp\u00fclt sie nach dem Waschen mit einer pflegenden Sp\u00fclung. Am besten mit Apfelessig, den setzt ihr wie folgt an. Haare sp\u00fclen mit [&hellip;]<\/p>\n","protected":false},"author":2,"featured_media":3527,"comment_status":"open","ping_status":"open","sticky":false,"template":"","format":"standard","meta":{"footnotes":""},"categories":[9,7,278,3,4,271],"tags":[156,198,197,160],"post_format":[],"yoast_head":"<!-- This site is optimized with the Yoast SEO plugin v21.4 - https:\/\/yoast.com\/wordpress\/plugins\/seo\/ -->\n<title>Haare sp\u00fclen mit Apfelessig - Andrina.de<\/title>\n<meta name=\"description\" content=\"Haare sp\u00fclen mit Apfelessig. Kr\u00e4uter verfeinern nicht nur Speisen, sondern tun auch den Haaren gut. Habt ihr das schon probiert?\" \/>\n<meta name=\"robots\" content=\"index, follow, max-snippet:-1, max-image-preview:large, max-video-preview:-1\" \/>\n<link rel=\"canonical\" href=\"https:\/\/www.andrina.de\/index.php\/haare-spulen-mit-apfelessig\/\" \/>\n<meta property=\"og:locale\" content=\"de_DE\" \/>\n<meta property=\"og:type\" content=\"article\" \/>\n<meta property=\"og:title\" content=\"Haare sp\u00fclen mit Apfelessig - Andrina.de\" \/>\n<meta property=\"og:description\" content=\"Haare sp\u00fclen mit Apfelessig. Kr\u00e4uter verfeinern nicht nur Speisen, sondern tun auch den Haaren gut. Habt ihr das schon probiert?\" \/>\n<meta property=\"og:url\" content=\"https:\/\/www.andrina.de\/index.php\/haare-spulen-mit-apfelessig\/\" \/>\n<meta property=\"og:site_name\" content=\"Andrina.de\" \/>\n<meta property=\"article:published_time\" content=\"2022-03-04T09:31:08+00:00\" \/>\n<meta property=\"article:modified_time\" content=\"2024-12-18T14:04:14+00:00\" \/>\n<meta property=\"og:image\" content=\"https:\/\/www.andrina.de\/wp-content\/uploads\/2022\/03\/flowers-gf7cb0cb45_640.jpg\" \/>\n\t<meta property=\"og:image:width\" content=\"640\" \/>\n\t<meta property=\"og:image:height\" content=\"640\" \/>\n\t<meta property=\"og:image:type\" content=\"image\/jpeg\" \/>\n<meta name=\"author\" content=\"Andrea\" \/>\n<meta name=\"twitter:card\" content=\"summary_large_image\" \/>\n<meta name=\"twitter:label1\" content=\"Written by\" \/>\n\t<meta name=\"twitter:data1\" content=\"Andrea\" \/>\n\t<meta name=\"twitter:label2\" content=\"Est. reading time\" \/>\n\t<meta name=\"twitter:data2\" content=\"3 minutes\" \/>\n<script type=\"application\/ld+json\" class=\"yoast-schema-graph\">{\"@context\":\"https:\/\/schema.org\",\"@graph\":[{\"@type\":\"Article\",\"@id\":\"https:\/\/www.andrina.de\/index.php\/haare-spulen-mit-apfelessig\/#article\",\"isPartOf\":{\"@id\":\"https:\/\/www.andrina.de\/index.php\/haare-spulen-mit-apfelessig\/\"},\"author\":{\"name\":\"Andrea\",\"@id\":\"https:\/\/www.andrina.de\/#\/schema\/person\/f274a8f7ace93f1eb49f0b5601c26b12\"},\"headline\":\"Haare sp\u00fclen mit Apfelessig\",\"datePublished\":\"2022-03-04T09:31:08+00:00\",\"dateModified\":\"2024-12-18T14:04:14+00:00\",\"mainEntityOfPage\":{\"@id\":\"https:\/\/www.andrina.de\/index.php\/haare-spulen-mit-apfelessig\/\"},\"wordCount\":371,\"commentCount\":0,\"publisher\":{\"@id\":\"https:\/\/www.andrina.de\/#organization\"},\"keywords\":[\"Apfelessig\",\"getrocknet\",\"Kr\u00e4uter\",\"Sp\u00fclung\"],\"articleSection\":[\"Artikel\",\"Beautytipps\",\"Essig\",\"Haushaltstipps\",\"Hausmittel\",\"Tipps\"],\"inLanguage\":\"de\",\"potentialAction\":[{\"@type\":\"CommentAction\",\"name\":\"Comment\",\"target\":[\"https:\/\/www.andrina.de\/index.php\/haare-spulen-mit-apfelessig\/#respond\"]}]},{\"@type\":\"WebPage\",\"@id\":\"https:\/\/www.andrina.de\/index.php\/haare-spulen-mit-apfelessig\/\",\"url\":\"https:\/\/www.andrina.de\/index.php\/haare-spulen-mit-apfelessig\/\",\"name\":\"Haare sp\u00fclen mit Apfelessig - Andrina.de\",\"isPartOf\":{\"@id\":\"https:\/\/www.andrina.de\/#website\"},\"datePublished\":\"2022-03-04T09:31:08+00:00\",\"dateModified\":\"2024-12-18T14:04:14+00:00\",\"description\":\"Haare sp\u00fclen mit Apfelessig. Kr\u00e4uter verfeinern nicht nur Speisen, sondern tun auch den Haaren gut. Habt ihr das schon probiert?\",\"breadcrumb\":{\"@id\":\"https:\/\/www.andrina.de\/index.php\/haare-spulen-mit-apfelessig\/#breadcrumb\"},\"inLanguage\":\"de\",\"potentialAction\":[{\"@type\":\"ReadAction\",\"target\":[\"https:\/\/www.andrina.de\/index.php\/haare-spulen-mit-apfelessig\/\"]}]},{\"@type\":\"BreadcrumbList\",\"@id\":\"https:\/\/www.andrina.de\/index.php\/haare-spulen-mit-apfelessig\/#breadcrumb\",\"itemListElement\":[{\"@type\":\"ListItem\",\"position\":1,\"name\":\"Home\",\"item\":\"https:\/\/www.andrina.de\/\"},{\"@type\":\"ListItem\",\"position\":2,\"name\":\"Haare sp\u00fclen mit Apfelessig\"}]},{\"@type\":\"WebSite\",\"@id\":\"https:\/\/www.andrina.de\/#website\",\"url\":\"https:\/\/www.andrina.de\/\",\"name\":\"Andrina.de\",\"description\":\"Blogazine gesponsert von purux\",\"publisher\":{\"@id\":\"https:\/\/www.andrina.de\/#organization\"},\"potentialAction\":[{\"@type\":\"SearchAction\",\"target\":{\"@type\":\"EntryPoint\",\"urlTemplate\":\"https:\/\/www.andrina.de\/?s={search_term_string}\"},\"query-input\":\"required name=search_term_string\"}],\"inLanguage\":\"de\"},{\"@type\":\"Organization\",\"@id\":\"https:\/\/www.andrina.de\/#organization\",\"name\":\"Andrina.de\",\"url\":\"https:\/\/www.andrina.de\/\",\"logo\":{\"@type\":\"ImageObject\",\"inLanguage\":\"de\",\"@id\":\"https:\/\/www.andrina.de\/#\/schema\/logo\/image\/\",\"url\":\"https:\/\/www.andrina.de\/wp-content\/uploads\/2020\/09\/cropped-Andrina.de_Logo_final-2.png\",\"contentUrl\":\"https:\/\/www.andrina.de\/wp-content\/uploads\/2020\/09\/cropped-Andrina.de_Logo_final-2.png\",\"width\":1042,\"height\":984,\"caption\":\"Andrina.de\"},\"image\":{\"@id\":\"https:\/\/www.andrina.de\/#\/schema\/logo\/image\/\"}},{\"@type\":\"Person\",\"@id\":\"https:\/\/www.andrina.de\/#\/schema\/person\/f274a8f7ace93f1eb49f0b5601c26b12\",\"name\":\"Andrea\",\"image\":{\"@type\":\"ImageObject\",\"inLanguage\":\"de\",\"@id\":\"https:\/\/www.andrina.de\/#\/schema\/person\/image\/\",\"url\":\"https:\/\/secure.gravatar.com\/avatar\/2834dcd6bfff12c55bf81682f16c1fb0?s=96&d=blank&r=g\",\"contentUrl\":\"https:\/\/secure.gravatar.com\/avatar\/2834dcd6bfff12c55bf81682f16c1fb0?s=96&d=blank&r=g\",\"caption\":\"Andrea\"},\"description\":\"Autorin, Fotografin, Social Media Spezialistin.\",\"url\":\"https:\/\/www.andrina.de\/index.php\/author\/andrina\/\"}]}<\/script>\n<!-- \/ Yoast SEO plugin. -->","yoast_head_json":{"title":"Haare sp\u00fclen mit Apfelessig - Andrina.de","description":"Haare sp\u00fclen mit Apfelessig. Kr\u00e4uter verfeinern nicht nur Speisen, sondern tun auch den Haaren gut. Habt ihr das schon probiert?","robots":{"index":"index","follow":"follow","max-snippet":"max-snippet:-1","max-image-preview":"max-image-preview:large","max-video-preview":"max-video-preview:-1"},"canonical":"https:\/\/www.andrina.de\/index.php\/haare-spulen-mit-apfelessig\/","og_locale":"de_DE","og_type":"article","og_title":"Haare sp\u00fclen mit Apfelessig - Andrina.de","og_description":"Haare sp\u00fclen mit Apfelessig. Kr\u00e4uter verfeinern nicht nur Speisen, sondern tun auch den Haaren gut. Habt ihr das schon probiert?","og_url":"https:\/\/www.andrina.de\/index.php\/haare-spulen-mit-apfelessig\/","og_site_name":"Andrina.de","article_published_time":"2022-03-04T09:31:08+00:00","article_modified_time":"2024-12-18T14:04:14+00:00","og_image":[{"width":640,"height":640,"url":"https:\/\/www.andrina.de\/wp-content\/uploads\/2022\/03\/flowers-gf7cb0cb45_640.jpg","type":"image\/jpeg"}],"author":"Andrea","twitter_card":"summary_large_image","twitter_misc":{"Written by":"Andrea","Est. reading time":"3 minutes"},"schema":{"@context":"https:\/\/schema.org","@graph":[{"@type":"Article","@id":"https:\/\/www.andrina.de\/index.php\/haare-spulen-mit-apfelessig\/#article","isPartOf":{"@id":"https:\/\/www.andrina.de\/index.php\/haare-spulen-mit-apfelessig\/"},"author":{"name":"Andrea","@id":"https:\/\/www.andrina.de\/#\/schema\/person\/f274a8f7ace93f1eb49f0b5601c26b12"},"headline":"Haare sp\u00fclen mit Apfelessig","datePublished":"2022-03-04T09:31:08+00:00","dateModified":"2024-12-18T14:04:14+00:00","mainEntityOfPage":{"@id":"https:\/\/www.andrina.de\/index.php\/haare-spulen-mit-apfelessig\/"},"wordCount":371,"commentCount":0,"publisher":{"@id":"https:\/\/www.andrina.de\/#organization"},"keywords":["Apfelessig","getrocknet","Kr\u00e4uter","Sp\u00fclung"],"articleSection":["Artikel","Beautytipps","Essig","Haushaltstipps","Hausmittel","Tipps"],"inLanguage":"de","potentialAction":[{"@type":"CommentAction","name":"Comment","target":["https:\/\/www.andrina.de\/index.php\/haare-spulen-mit-apfelessig\/#respond"]}]},{"@type":"WebPage","@id":"https:\/\/www.andrina.de\/index.php\/haare-spulen-mit-apfelessig\/","url":"https:\/\/www.andrina.de\/index.php\/haare-spulen-mit-apfelessig\/","name":"Haare sp\u00fclen mit Apfelessig - Andrina.de","isPartOf":{"@id":"https:\/\/www.andrina.de\/#website"},"datePublished":"2022-03-04T09:31:08+00:00","dateModified":"2024-12-18T14:04:14+00:00","description":"Haare sp\u00fclen mit Apfelessig. Kr\u00e4uter verfeinern nicht nur Speisen, sondern tun auch den Haaren gut. Habt ihr das schon probiert?","breadcrumb":{"@id":"https:\/\/www.andrina.de\/index.php\/haare-spulen-mit-apfelessig\/#breadcrumb"},"inLanguage":"de","potentialAction":[{"@type":"ReadAction","target":["https:\/\/www.andrina.de\/index.php\/haare-spulen-mit-apfelessig\/"]}]},{"@type":"BreadcrumbList","@id":"https:\/\/www.andrina.de\/index.php\/haare-spulen-mit-apfelessig\/#breadcrumb","itemListElement":[{"@type":"ListItem","position":1,"name":"Home","item":"https:\/\/www.andrina.de\/"},{"@type":"ListItem","position":2,"name":"Haare sp\u00fclen mit Apfelessig"}]},{"@type":"WebSite","@id":"https:\/\/www.andrina.de\/#website","url":"https:\/\/www.andrina.de\/","name":"Andrina.de","description":"Blogazine gesponsert von purux","publisher":{"@id":"https:\/\/www.andrina.de\/#organization"},"potentialAction":[{"@type":"SearchAction","target":{"@type":"EntryPoint","urlTemplate":"https:\/\/www.andrina.de\/?s={search_term_string}"},"query-input":"required name=search_term_string"}],"inLanguage":"de"},{"@type":"Organization","@id":"https:\/\/www.andrina.de\/#organization","name":"Andrina.de","url":"https:\/\/www.andrina.de\/","logo":{"@type":"ImageObject","inLanguage":"de","@id":"https:\/\/www.andrina.de\/#\/schema\/logo\/image\/","url":"https:\/\/www.andrina.de\/wp-content\/uploads\/2020\/09\/cropped-Andrina.de_Logo_final-2.png","contentUrl":"https:\/\/www.andrina.de\/wp-content\/uploads\/2020\/09\/cropped-Andrina.de_Logo_final-2.png","width":1042,"height":984,"caption":"Andrina.de"},"image":{"@id":"https:\/\/www.andrina.de\/#\/schema\/logo\/image\/"}},{"@type":"Person","@id":"https:\/\/www.andrina.de\/#\/schema\/person\/f274a8f7ace93f1eb49f0b5601c26b12","name":"Andrea","image":{"@type":"ImageObject","inLanguage":"de","@id":"https:\/\/www.andrina.de\/#\/schema\/person\/image\/","url":"https:\/\/secure.gravatar.com\/avatar\/2834dcd6bfff12c55bf81682f16c1fb0?s=96&d=blank&r=g","contentUrl":"https:\/\/secure.gravatar.com\/avatar\/2834dcd6bfff12c55bf81682f16c1fb0?s=96&d=blank&r=g","caption":"Andrea"},"description":"Autorin, Fotografin, Social Media Spezialistin.","url":"https:\/\/www.andrina.de\/index.php\/author\/andrina\/"}]}},"_edit_lock":"1734530717:1","_edit_last":"1","layout_key":"","post_slider_check_key":"0","yarpp_meta":{"yarpp_display_for_this_post":1},"_yoast_wpseo_content_score":"90","_yoast_wpseo_estimated-reading-time-minutes":"3","tc-thumb-fld":{"_thumb_id":3527,"_thumb_type":"thumb"},"fpu-thumb-fld":{"_thumb_id":3527,"_thumb_type":"thumb"},"_yoast_wpseo_focuskw":"Haare sp\u00fclen mit Apfelessig","_yoast_wpseo_metadesc":"Haare sp\u00fclen mit Apfelessig. Kr\u00e4uter verfeinern nicht nur Speisen, sondern tun auch den Haaren gut. Habt ihr das schon probiert?","_yoast_wpseo_linkdex":"81","_yoast_wpseo_primary_category":"9","_thumbnail_id":"3527","_yoast_wpseo_wordproof_timestamp":"","_wp_old_date":"","_wp_old_slug":"","_yoast_wpseo_opengraph-image":"","_yoast_wpseo_opengraph-image-id":"","_yoast_wpseo_opengraph-title":"","_yoast_wpseo_opengraph-description":"","_yoast_wpseo_twitter-title":"","_yoast_wpseo_twitter-description":"","_oembed_cafb4eaa37915e2e85b1cdc01d543c63":"","_oembed_52de83b8f720eae89a85856717ec5546":"","_oembed_2d9fa4a87eea7049212c1880eff5a92e":"","_yoast_wpseo_title":"","_links":{"self":[{"href":"https:\/\/www.andrina.de\/index.php\/wp-json\/wp\/v2\/posts\/3522"}],"collection":[{"href":"https:\/\/www.andrina.de\/index.php\/wp-json\/wp\/v2\/posts"}],"about":[{"href":"https:\/\/www.andrina.de\/index.php\/wp-json\/wp\/v2\/types\/post"}],"author":[{"embeddable":true,"href":"https:\/\/www.andrina.de\/index.php\/wp-json\/wp\/v2\/users\/2"}],"replies":[{"embeddable":true,"href":"https:\/\/www.andrina.de\/index.php\/wp-json\/wp\/v2\/comments?post=3522"}],"version-history":[{"count":11,"href":"https:\/\/www.andrina.de\/index.php\/wp-json\/wp\/v2\/posts\/3522\/revisions"}],"predecessor-version":[{"id":180665,"href":"https:\/\/www.andrina.de\/index.php\/wp-json\/wp\/v2\/posts\/3522\/revisions\/180665"}],"wp:featuredmedia":[{"embeddable":true,"href":"https:\/\/www.andrina.de\/index.php\/wp-json\/wp\/v2\/media\/3527"}],"wp:attachment":[{"href":"https:\/\/www.andrina.de\/index.php\/wp-json\/wp\/v2\/media?parent=3522"}],"wp:term":[{"taxonomy":"category","embeddable":true,"href":"https:\/\/www.andrina.de\/index.php\/wp-json\/wp\/v2\/categories?post=3522"},{"taxonomy":"post_tag","embeddable":true,"href":"https:\/\/www.andrina.de\/index.php\/wp-json\/wp\/v2\/tags?post=3522"},{"taxonomy":"post_format","embeddable":true,"href":"https:\/\/www.andrina.de\/index.php\/wp-json\/wp\/v2\/post_format?post=3522"}],"curies":[{"name":"wp","href":"https:\/\/api.w.org\/{rel}","templated":true}]}}