{"id":2718,"date":"2021-11-16T21:22:17","date_gmt":"2021-11-16T20:22:17","guid":{"rendered":"https:\/\/www.andrina.de\/?p=2718"},"modified":"2025-05-12T09:54:23","modified_gmt":"2025-05-12T08:54:23","slug":"waschnusse-als-okologisches-waschmittel","status":"publish","type":"post","link":"https:\/\/www.andrina.de\/index.php\/waschnusse-als-okologisches-waschmittel\/","title":{"rendered":"Waschn\u00fcsse als \u00f6kologisches Waschmittel"},"content":{"rendered":"<h3>Waschn\u00fcsse als \u00f6kologisches Waschmittel<strong><br \/>\n<\/strong><\/h3>\n<p>Warum sollte man mit Waschn\u00fcssen, anstatt mit normalem Waschmittel waschen? Wir erkl\u00e4ren euch die Vor- und Nachteile. Zudem woher die <a href=\"https:\/\/purux.de\/purux-Waschnuesse-Waschnussschalen-1kg-200g-Bonus-nachhaltig-verpackt\/4250447219855\">Waschn\u00fcsse<\/a> kommen. Ihr wascht mit den Schalen der <a href=\"https:\/\/purux.de\/purux-Waschnuesse-Waschnussschalen-1kg-200g-Bonus-nachhaltig-verpackt\/4250447219855\">Waschn\u00fcsse<\/a>. Sie enthalten ca. 15 % Saponine. Hierbei handelt es sich um Pflanzeninhaltsstoffe. Diese ergeben mit Wasser gel\u00f6st einen Seifenschaum, bzw. eine sch\u00e4umende Seifenl\u00f6sung f\u00fcr eure W\u00e4sche.<\/p>\n<p>Da, wo die Waschnuss heimisch ist, wird sie nicht nur zum W\u00e4schewaschen verwendet, sondern auch als Reinigungsmittel oder zur K\u00f6rperpflege eingesetzt. Haupts\u00e4chlich werden <a href=\"https:\/\/purux.de\/purux-Waschnuesse-Waschnussschalen-1kg-200g-Bonus-nachhaltig-verpackt\/4250447219855\">Waschn\u00fcsse<\/a> f\u00fcr Seide, Wolle oder synthetischen Stoffen verwendet. Prima dabei ist, dass ihr auf teuren Weichsp\u00fcler verzichten k\u00f6nnt.<\/p>\n<p><img decoding=\"async\" loading=\"lazy\" class=\"alignnone wp-image-2719\" src=\"https:\/\/www.andrina.de\/wp-content\/uploads\/2021\/11\/Pixabay_soap-nuts-4032858_960_720-300x170.jpg\" alt=\"\" width=\"420\" height=\"238\" srcset=\"https:\/\/www.andrina.de\/wp-content\/uploads\/2021\/11\/Pixabay_soap-nuts-4032858_960_720-300x170.jpg 300w, https:\/\/www.andrina.de\/wp-content\/uploads\/2021\/11\/Pixabay_soap-nuts-4032858_960_720-768x434.jpg 768w, https:\/\/www.andrina.de\/wp-content\/uploads\/2021\/11\/Pixabay_soap-nuts-4032858_960_720-570x322.jpg 570w, https:\/\/www.andrina.de\/wp-content\/uploads\/2021\/11\/Pixabay_soap-nuts-4032858_960_720.jpg 960w\" sizes=\"(max-width: 420px) 100vw, 420px\" \/><\/p>\n<h3>Woher kommen die Waschn\u00fcsse<\/h3>\n<p>Als Waschn\u00fcsse bezeichnet man die reifen Fr\u00fcchte der Waschnussb\u00e4ume. Viele kennen sie unter dem Namen Seifenbaum. Beheimatet ist er in Asien (Indien und Nepal), den tropischen sowie subtropischen Regionen. Erst nach ca. 10 Jahren tragen die B\u00e4ume klebrige Fr\u00fcchte. Nach dem Ernten im Herbst werden sie trocken. Sie enthalten ca. 15 % Saponine, waschaktive Substanzen.<\/p>\n<p><img decoding=\"async\" loading=\"lazy\" class=\" wp-image-2733 alignright\" src=\"https:\/\/www.andrina.de\/wp-content\/uploads\/2021\/11\/AdobeStock_374506448_1-300x200.jpeg\" alt=\"\" width=\"261\" height=\"174\" \/><\/p>\n<p>Seid ihr neugierig geworden? So sehen die Waschn\u00fcsse in der Natur aus, die Bl\u00fcten und Bl\u00e4tter des Waschnussbaumes. Waschn\u00fcsse als \u00f6kologisches Waschmittel. Er wird ca. 25 m und kann bis zu 75 Jahre alt werden.<\/p>\n<p>In Indien werden die <a href=\"https:\/\/purux.de\/purux-Waschnuesse-Waschnussschalen-1kg-200g-Bonus-nachhaltig-verpackt\/4250447219855\" target=\"_blank\" rel=\"noopener\">Waschn\u00fcsse<\/a> schon seit Urzeiten zum Waschen der Haare und der Kleidung verwendet. Im europ\u00e4ischen Raum sind sie noch unbekannt. Doch langsam erobern die Waschn\u00fcsse mit ihrem nat\u00fcrlichem Seifenanteil auch deutsche Haushalte.<\/p>\n<h3><\/h3>\n<h3>Wie w\u00e4scht man mit den N\u00fcssen<\/h3>\n<p>Nehmt ein <a href=\"http:\/\/www.purux-ehrensache.de\/\" target=\"_blank\" rel=\"noopener\">S\u00e4ckchen<\/a>, am besten aus Baumwolle. Meist werden sie schon in diesen (Stoffs\u00e4ckchen) verkauft. Gebt nun die Schalen der N\u00fcsse zur W\u00e4sche in die Waschmaschine. Den Rest erledigen sie wie normales Waschmittel. Wascht ihr nur bei 30 \u00b0C, k\u00f6nnt ihr diese sogar ein weiteres Mal verwenden.<\/p>\n<p><img decoding=\"async\" loading=\"lazy\" class=\"wp-image-2735 alignnone\" src=\"https:\/\/www.andrina.de\/wp-content\/uploads\/2021\/11\/AdobeStock_205851225_1-300x199.jpeg\" alt=\"\" width=\"222\" height=\"148\" \/><\/p>\n<p><strong>Was spricht daf\u00fcr<br \/>\n<\/strong><\/p>\n<ul>\n<li><a href=\"https:\/\/purux.de\/purux-Waschnuesse-Waschnussschalen-1kg-200g-Bonus-nachhaltig-verpackt\/4250447219855\">Waschn\u00fcsse<\/a> sind ein 100 % iges Naturprodukt.<\/li>\n<li>Es fallen keine aufwendigen, chemischen Prozesse an.<\/li>\n<li>Es m\u00fcssen keine Ressourcen im Gegensatz zu herk\u00f6mmlichen Waschmittel vergeudet werden.<\/li>\n<li>Zudem sind sie preiswert im Einkauf.<\/li>\n<\/ul>\n<p>Wer es nicht glaubt, probiert es. Leichte Flecken werden genauso zuverl\u00e4ssig entfernt wie mit normalem Waschmittel. Waschn\u00fcsse greifen keine Fasern an, die Farbintensit\u00e4t eurer Kleidung bleibt perfekt erhalten. Ihr k\u00f6nnt bei niedrigen und hohen Temperaturen waschen. Ihre waschaktive Substanz ist schnell biologisch abbaubar.<\/p>\n<p><strong>Was spricht dagegen<\/strong><\/p>\n<ul>\n<li>Stark verschmutzte W\u00e4sche mit hartn\u00e4ckigen Flecken wird leider nicht sauber.<\/li>\n<\/ul>\n<p>Hier reicht die Waschkraft der Waschn\u00fcsse einfach nicht aus. Warum? Sie enthalten keine Bleichmittel und Enzyme. Wenn ihr wei\u00dfe W\u00e4sche mit Waschn\u00fcssen waschen und dem Vergrauen vorbeugen m\u00f6chtet, gebt ein Naturbleichmittel hinzu. Probiert es mit Natron, damit die W\u00e4sche strahlend wei\u00df wird und bleibt. Auch bei hartem bis sehr hartem Wasser sind sie nicht optimal. Sie enthalten keine Wasser enth\u00e4rtenden Stoffe, und auch keinen Duftstoff. Wer gut riechende W\u00e4sche bevorzugt, f\u00fcr den sind Waschn\u00fcsse leider nicht geeignet.<\/p>\n<h3>Fazit<\/h3>\n<p>Ich probiere gern neues. Die Waschn\u00fcsse haben mich neugierig gemacht. Und so habe ich einen Versuch gewagt. Zuerst war ich skeptisch. Doch als meine W\u00e4sche sauber und fleckenfrei aus der Maschine kam, war ich begeistert. Die Reste der Waschn\u00fcsse konnte ich leicht kompostieren. Es gab keinen Verpackungsm\u00fcll und Gutes f\u00fcr die Umwelt habe ich auch getan. In der chinesischen Medizin gelten die Fr\u00fcchte des Baumes als ganzheitliches Heilmittel.<\/p>\n<p>Ihr m\u00f6chtet keinen Tipp mehr verpassen? Dann meldet euch doch f\u00fcr die <a href=\"https:\/\/www.andrina.de\/index.php\/briefe\/\">Briefe von Andrina.de<\/a> an. Damit erhaltet ihr einmal im Monat einen virtuellen Brief von uns.<\/p>\n","protected":false},"excerpt":{"rendered":"<p>Waschn\u00fcsse als \u00f6kologisches Waschmittel Warum sollte man mit Waschn\u00fcssen, anstatt mit normalem Waschmittel waschen? Wir erkl\u00e4ren euch die Vor- und Nachteile. Zudem woher die Waschn\u00fcsse kommen. Ihr wascht mit den Schalen der Waschn\u00fcsse. Sie enthalten ca. 15 % Saponine. Hierbei handelt es sich um Pflanzeninhaltsstoffe. Diese ergeben mit Wasser gel\u00f6st einen Seifenschaum, bzw. eine sch\u00e4umende [&hellip;]<\/p>\n","protected":false},"author":2,"featured_media":2719,"comment_status":"open","ping_status":"open","sticky":false,"template":"","format":"standard","meta":{"footnotes":""},"categories":[9,3,4,11,271,277],"tags":[138,36,137],"post_format":[],"yoast_head":"<!-- This site is optimized with the Yoast SEO plugin v21.4 - https:\/\/yoast.com\/wordpress\/plugins\/seo\/ -->\n<title>Waschn\u00fcsse als \u00f6kologisches Waschmittel - Andrina.de<\/title>\n<meta name=\"description\" content=\"Waschn\u00fcsse als \u00f6kologisches Waschmittel. Warum sollte man mit Waschn\u00fcssen, anstatt mit normalem Waschmittel waschen?\" \/>\n<meta name=\"robots\" content=\"index, follow, max-snippet:-1, max-image-preview:large, max-video-preview:-1\" \/>\n<link rel=\"canonical\" href=\"https:\/\/www.andrina.de\/index.php\/waschnusse-als-okologisches-waschmittel\/\" \/>\n<meta property=\"og:locale\" content=\"de_DE\" \/>\n<meta property=\"og:type\" content=\"article\" \/>\n<meta property=\"og:title\" content=\"Waschn\u00fcsse als \u00f6kologisches Waschmittel - Andrina.de\" \/>\n<meta property=\"og:description\" content=\"Waschn\u00fcsse als \u00f6kologisches Waschmittel. Warum sollte man mit Waschn\u00fcssen, anstatt mit normalem Waschmittel waschen?\" \/>\n<meta property=\"og:url\" content=\"https:\/\/www.andrina.de\/index.php\/waschnusse-als-okologisches-waschmittel\/\" \/>\n<meta property=\"og:site_name\" content=\"Andrina.de\" \/>\n<meta property=\"article:published_time\" content=\"2021-11-16T20:22:17+00:00\" \/>\n<meta property=\"article:modified_time\" content=\"2025-05-12T08:54:23+00:00\" \/>\n<meta property=\"og:image\" content=\"https:\/\/www.andrina.de\/wp-content\/uploads\/2021\/11\/Pixabay_soap-nuts-4032858_960_720.jpg\" \/>\n\t<meta property=\"og:image:width\" content=\"960\" \/>\n\t<meta property=\"og:image:height\" content=\"543\" \/>\n\t<meta property=\"og:image:type\" content=\"image\/jpeg\" \/>\n<meta name=\"author\" content=\"Andrea\" \/>\n<meta name=\"twitter:card\" content=\"summary_large_image\" \/>\n<meta name=\"twitter:label1\" content=\"Written by\" \/>\n\t<meta name=\"twitter:data1\" content=\"Andrea\" \/>\n\t<meta name=\"twitter:label2\" content=\"Est. reading time\" \/>\n\t<meta name=\"twitter:data2\" content=\"4 minutes\" \/>\n<script type=\"application\/ld+json\" class=\"yoast-schema-graph\">{\"@context\":\"https:\/\/schema.org\",\"@graph\":[{\"@type\":\"Article\",\"@id\":\"https:\/\/www.andrina.de\/index.php\/waschnusse-als-okologisches-waschmittel\/#article\",\"isPartOf\":{\"@id\":\"https:\/\/www.andrina.de\/index.php\/waschnusse-als-okologisches-waschmittel\/\"},\"author\":{\"name\":\"Andrea\",\"@id\":\"https:\/\/www.andrina.de\/#\/schema\/person\/f274a8f7ace93f1eb49f0b5601c26b12\"},\"headline\":\"Waschn\u00fcsse als \u00f6kologisches Waschmittel\",\"datePublished\":\"2021-11-16T20:22:17+00:00\",\"dateModified\":\"2025-05-12T08:54:23+00:00\",\"mainEntityOfPage\":{\"@id\":\"https:\/\/www.andrina.de\/index.php\/waschnusse-als-okologisches-waschmittel\/\"},\"wordCount\":607,\"commentCount\":0,\"publisher\":{\"@id\":\"https:\/\/www.andrina.de\/#organization\"},\"keywords\":[\"W\u00e4sche\",\"Waschen\",\"Waschn\u00fcsse\"],\"articleSection\":[\"Artikel\",\"Haushaltstipps\",\"Hausmittel\",\"Lesetipps\",\"Tipps\",\"Waschn\u00fcsse\"],\"inLanguage\":\"de\",\"potentialAction\":[{\"@type\":\"CommentAction\",\"name\":\"Comment\",\"target\":[\"https:\/\/www.andrina.de\/index.php\/waschnusse-als-okologisches-waschmittel\/#respond\"]}]},{\"@type\":\"WebPage\",\"@id\":\"https:\/\/www.andrina.de\/index.php\/waschnusse-als-okologisches-waschmittel\/\",\"url\":\"https:\/\/www.andrina.de\/index.php\/waschnusse-als-okologisches-waschmittel\/\",\"name\":\"Waschn\u00fcsse als \u00f6kologisches Waschmittel - Andrina.de\",\"isPartOf\":{\"@id\":\"https:\/\/www.andrina.de\/#website\"},\"datePublished\":\"2021-11-16T20:22:17+00:00\",\"dateModified\":\"2025-05-12T08:54:23+00:00\",\"description\":\"Waschn\u00fcsse als \u00f6kologisches Waschmittel. Warum sollte man mit Waschn\u00fcssen, anstatt mit normalem Waschmittel waschen?\",\"breadcrumb\":{\"@id\":\"https:\/\/www.andrina.de\/index.php\/waschnusse-als-okologisches-waschmittel\/#breadcrumb\"},\"inLanguage\":\"de\",\"potentialAction\":[{\"@type\":\"ReadAction\",\"target\":[\"https:\/\/www.andrina.de\/index.php\/waschnusse-als-okologisches-waschmittel\/\"]}]},{\"@type\":\"BreadcrumbList\",\"@id\":\"https:\/\/www.andrina.de\/index.php\/waschnusse-als-okologisches-waschmittel\/#breadcrumb\",\"itemListElement\":[{\"@type\":\"ListItem\",\"position\":1,\"name\":\"Home\",\"item\":\"https:\/\/www.andrina.de\/\"},{\"@type\":\"ListItem\",\"position\":2,\"name\":\"Waschn\u00fcsse als \u00f6kologisches Waschmittel\"}]},{\"@type\":\"WebSite\",\"@id\":\"https:\/\/www.andrina.de\/#website\",\"url\":\"https:\/\/www.andrina.de\/\",\"name\":\"Andrina.de\",\"description\":\"Blogazine gesponsert von purux\",\"publisher\":{\"@id\":\"https:\/\/www.andrina.de\/#organization\"},\"potentialAction\":[{\"@type\":\"SearchAction\",\"target\":{\"@type\":\"EntryPoint\",\"urlTemplate\":\"https:\/\/www.andrina.de\/?s={search_term_string}\"},\"query-input\":\"required name=search_term_string\"}],\"inLanguage\":\"de\"},{\"@type\":\"Organization\",\"@id\":\"https:\/\/www.andrina.de\/#organization\",\"name\":\"Andrina.de\",\"url\":\"https:\/\/www.andrina.de\/\",\"logo\":{\"@type\":\"ImageObject\",\"inLanguage\":\"de\",\"@id\":\"https:\/\/www.andrina.de\/#\/schema\/logo\/image\/\",\"url\":\"https:\/\/www.andrina.de\/wp-content\/uploads\/2020\/09\/cropped-Andrina.de_Logo_final-2.png\",\"contentUrl\":\"https:\/\/www.andrina.de\/wp-content\/uploads\/2020\/09\/cropped-Andrina.de_Logo_final-2.png\",\"width\":1042,\"height\":984,\"caption\":\"Andrina.de\"},\"image\":{\"@id\":\"https:\/\/www.andrina.de\/#\/schema\/logo\/image\/\"}},{\"@type\":\"Person\",\"@id\":\"https:\/\/www.andrina.de\/#\/schema\/person\/f274a8f7ace93f1eb49f0b5601c26b12\",\"name\":\"Andrea\",\"image\":{\"@type\":\"ImageObject\",\"inLanguage\":\"de\",\"@id\":\"https:\/\/www.andrina.de\/#\/schema\/person\/image\/\",\"url\":\"https:\/\/secure.gravatar.com\/avatar\/2834dcd6bfff12c55bf81682f16c1fb0?s=96&d=blank&r=g\",\"contentUrl\":\"https:\/\/secure.gravatar.com\/avatar\/2834dcd6bfff12c55bf81682f16c1fb0?s=96&d=blank&r=g\",\"caption\":\"Andrea\"},\"description\":\"Autorin, Fotografin, Social Media Spezialistin.\",\"url\":\"https:\/\/www.andrina.de\/index.php\/author\/andrina\/\"}]}<\/script>\n<!-- \/ Yoast SEO plugin. -->","yoast_head_json":{"title":"Waschn\u00fcsse als \u00f6kologisches Waschmittel - Andrina.de","description":"Waschn\u00fcsse als \u00f6kologisches Waschmittel. Warum sollte man mit Waschn\u00fcssen, anstatt mit normalem Waschmittel waschen?","robots":{"index":"index","follow":"follow","max-snippet":"max-snippet:-1","max-image-preview":"max-image-preview:large","max-video-preview":"max-video-preview:-1"},"canonical":"https:\/\/www.andrina.de\/index.php\/waschnusse-als-okologisches-waschmittel\/","og_locale":"de_DE","og_type":"article","og_title":"Waschn\u00fcsse als \u00f6kologisches Waschmittel - Andrina.de","og_description":"Waschn\u00fcsse als \u00f6kologisches Waschmittel. Warum sollte man mit Waschn\u00fcssen, anstatt mit normalem Waschmittel waschen?","og_url":"https:\/\/www.andrina.de\/index.php\/waschnusse-als-okologisches-waschmittel\/","og_site_name":"Andrina.de","article_published_time":"2021-11-16T20:22:17+00:00","article_modified_time":"2025-05-12T08:54:23+00:00","og_image":[{"width":960,"height":543,"url":"https:\/\/www.andrina.de\/wp-content\/uploads\/2021\/11\/Pixabay_soap-nuts-4032858_960_720.jpg","type":"image\/jpeg"}],"author":"Andrea","twitter_card":"summary_large_image","twitter_misc":{"Written by":"Andrea","Est. reading time":"4 minutes"},"schema":{"@context":"https:\/\/schema.org","@graph":[{"@type":"Article","@id":"https:\/\/www.andrina.de\/index.php\/waschnusse-als-okologisches-waschmittel\/#article","isPartOf":{"@id":"https:\/\/www.andrina.de\/index.php\/waschnusse-als-okologisches-waschmittel\/"},"author":{"name":"Andrea","@id":"https:\/\/www.andrina.de\/#\/schema\/person\/f274a8f7ace93f1eb49f0b5601c26b12"},"headline":"Waschn\u00fcsse als \u00f6kologisches Waschmittel","datePublished":"2021-11-16T20:22:17+00:00","dateModified":"2025-05-12T08:54:23+00:00","mainEntityOfPage":{"@id":"https:\/\/www.andrina.de\/index.php\/waschnusse-als-okologisches-waschmittel\/"},"wordCount":607,"commentCount":0,"publisher":{"@id":"https:\/\/www.andrina.de\/#organization"},"keywords":["W\u00e4sche","Waschen","Waschn\u00fcsse"],"articleSection":["Artikel","Haushaltstipps","Hausmittel","Lesetipps","Tipps","Waschn\u00fcsse"],"inLanguage":"de","potentialAction":[{"@type":"CommentAction","name":"Comment","target":["https:\/\/www.andrina.de\/index.php\/waschnusse-als-okologisches-waschmittel\/#respond"]}]},{"@type":"WebPage","@id":"https:\/\/www.andrina.de\/index.php\/waschnusse-als-okologisches-waschmittel\/","url":"https:\/\/www.andrina.de\/index.php\/waschnusse-als-okologisches-waschmittel\/","name":"Waschn\u00fcsse als \u00f6kologisches Waschmittel - Andrina.de","isPartOf":{"@id":"https:\/\/www.andrina.de\/#website"},"datePublished":"2021-11-16T20:22:17+00:00","dateModified":"2025-05-12T08:54:23+00:00","description":"Waschn\u00fcsse als \u00f6kologisches Waschmittel. Warum sollte man mit Waschn\u00fcssen, anstatt mit normalem Waschmittel waschen?","breadcrumb":{"@id":"https:\/\/www.andrina.de\/index.php\/waschnusse-als-okologisches-waschmittel\/#breadcrumb"},"inLanguage":"de","potentialAction":[{"@type":"ReadAction","target":["https:\/\/www.andrina.de\/index.php\/waschnusse-als-okologisches-waschmittel\/"]}]},{"@type":"BreadcrumbList","@id":"https:\/\/www.andrina.de\/index.php\/waschnusse-als-okologisches-waschmittel\/#breadcrumb","itemListElement":[{"@type":"ListItem","position":1,"name":"Home","item":"https:\/\/www.andrina.de\/"},{"@type":"ListItem","position":2,"name":"Waschn\u00fcsse als \u00f6kologisches Waschmittel"}]},{"@type":"WebSite","@id":"https:\/\/www.andrina.de\/#website","url":"https:\/\/www.andrina.de\/","name":"Andrina.de","description":"Blogazine gesponsert von purux","publisher":{"@id":"https:\/\/www.andrina.de\/#organization"},"potentialAction":[{"@type":"SearchAction","target":{"@type":"EntryPoint","urlTemplate":"https:\/\/www.andrina.de\/?s={search_term_string}"},"query-input":"required name=search_term_string"}],"inLanguage":"de"},{"@type":"Organization","@id":"https:\/\/www.andrina.de\/#organization","name":"Andrina.de","url":"https:\/\/www.andrina.de\/","logo":{"@type":"ImageObject","inLanguage":"de","@id":"https:\/\/www.andrina.de\/#\/schema\/logo\/image\/","url":"https:\/\/www.andrina.de\/wp-content\/uploads\/2020\/09\/cropped-Andrina.de_Logo_final-2.png","contentUrl":"https:\/\/www.andrina.de\/wp-content\/uploads\/2020\/09\/cropped-Andrina.de_Logo_final-2.png","width":1042,"height":984,"caption":"Andrina.de"},"image":{"@id":"https:\/\/www.andrina.de\/#\/schema\/logo\/image\/"}},{"@type":"Person","@id":"https:\/\/www.andrina.de\/#\/schema\/person\/f274a8f7ace93f1eb49f0b5601c26b12","name":"Andrea","image":{"@type":"ImageObject","inLanguage":"de","@id":"https:\/\/www.andrina.de\/#\/schema\/person\/image\/","url":"https:\/\/secure.gravatar.com\/avatar\/2834dcd6bfff12c55bf81682f16c1fb0?s=96&d=blank&r=g","contentUrl":"https:\/\/secure.gravatar.com\/avatar\/2834dcd6bfff12c55bf81682f16c1fb0?s=96&d=blank&r=g","caption":"Andrea"},"description":"Autorin, Fotografin, Social Media Spezialistin.","url":"https:\/\/www.andrina.de\/index.php\/author\/andrina\/"}]}},"_edit_lock":"1747047883:1","_edit_last":"1","layout_key":"","post_slider_check_key":"0","yarpp_meta":{"yarpp_display_for_this_post":1},"_yoast_wpseo_content_score":"90","_yoast_wpseo_estimated-reading-time-minutes":"4","tc-thumb-fld":{"_thumb_id":2719,"_thumb_type":"thumb"},"fpu-thumb-fld":{"_thumb_id":2719,"_thumb_type":"thumb"},"_yoast_wpseo_focuskw":"Waschn\u00fcsse Waschmittel","_yoast_wpseo_metadesc":"Waschn\u00fcsse als \u00f6kologisches Waschmittel. Warum sollte man mit Waschn\u00fcssen, anstatt mit normalem Waschmittel waschen?","_yoast_wpseo_linkdex":"72","_yoast_wpseo_primary_category":"9","_thumbnail_id":"2719","_yoast_wpseo_wordproof_timestamp":"","_wp_old_date":"","_wp_old_slug":"","_yoast_wpseo_opengraph-image":"","_yoast_wpseo_opengraph-image-id":"","_yoast_wpseo_opengraph-title":"","_yoast_wpseo_opengraph-description":"","_yoast_wpseo_twitter-title":"","_yoast_wpseo_twitter-description":"","_oembed_cafb4eaa37915e2e85b1cdc01d543c63":"","_oembed_52de83b8f720eae89a85856717ec5546":"","_oembed_2d9fa4a87eea7049212c1880eff5a92e":"","_yoast_wpseo_title":"","_links":{"self":[{"href":"https:\/\/www.andrina.de\/index.php\/wp-json\/wp\/v2\/posts\/2718"}],"collection":[{"href":"https:\/\/www.andrina.de\/index.php\/wp-json\/wp\/v2\/posts"}],"about":[{"href":"https:\/\/www.andrina.de\/index.php\/wp-json\/wp\/v2\/types\/post"}],"author":[{"embeddable":true,"href":"https:\/\/www.andrina.de\/index.php\/wp-json\/wp\/v2\/users\/2"}],"replies":[{"embeddable":true,"href":"https:\/\/www.andrina.de\/index.php\/wp-json\/wp\/v2\/comments?post=2718"}],"version-history":[{"count":19,"href":"https:\/\/www.andrina.de\/index.php\/wp-json\/wp\/v2\/posts\/2718\/revisions"}],"predecessor-version":[{"id":180312,"href":"https:\/\/www.andrina.de\/index.php\/wp-json\/wp\/v2\/posts\/2718\/revisions\/180312"}],"wp:featuredmedia":[{"embeddable":true,"href":"https:\/\/www.andrina.de\/index.php\/wp-json\/wp\/v2\/media\/2719"}],"wp:attachment":[{"href":"https:\/\/www.andrina.de\/index.php\/wp-json\/wp\/v2\/media?parent=2718"}],"wp:term":[{"taxonomy":"category","embeddable":true,"href":"https:\/\/www.andrina.de\/index.php\/wp-json\/wp\/v2\/categories?post=2718"},{"taxonomy":"post_tag","embeddable":true,"href":"https:\/\/www.andrina.de\/index.php\/wp-json\/wp\/v2\/tags?post=2718"},{"taxonomy":"post_format","embeddable":true,"href":"https:\/\/www.andrina.de\/index.php\/wp-json\/wp\/v2\/post_format?post=2718"}],"curies":[{"name":"wp","href":"https:\/\/api.w.org\/{rel}","templated":true}]}}