{"id":174305,"date":"2024-09-04T09:56:29","date_gmt":"2024-09-04T08:56:29","guid":{"rendered":"https:\/\/www.andrina.de\/?p=174305"},"modified":"2024-09-05T10:30:46","modified_gmt":"2024-09-05T09:30:46","slug":"nachhaltige-tipps-gegen-das-abfaerben-beim-waschen","status":"publish","type":"post","link":"https:\/\/www.andrina.de\/index.php\/nachhaltige-tipps-gegen-das-abfaerben-beim-waschen\/","title":{"rendered":"Nachhaltige Tipps gegen das abf\u00e4rben beim waschen!"},"content":{"rendered":"<p>Als umweltbewusste Verbraucher achten wir nicht nur darauf, nachhaltige Kleidung zu kaufen, sondern auch darauf, wie wir sie waschen. Denn Nachhaltigkeit h\u00f6rt nicht beim Kauf auf \u2013 auch die richtige Pflege und das schonende waschen verl\u00e4ngern die Lebensdauer unserer Lieblingsst\u00fccke und tun gleichzeitig der Umwelt etwas Gutes.<\/p>\n<p>Wer kennt es nicht: Ein neues Kleidungsst\u00fcck f\u00e4rbt ab und ruiniert die gesamte W\u00e4sche? Mit 5 cleveren Tipps und Tricks l\u00e4sst sich dieses Problem leicht l\u00f6sen \u2013 und das Beste daran ist, dass es nicht nur umweltfreundlich, sondern auch super einfach ist!<\/p>\n<p><img decoding=\"async\" loading=\"lazy\" class=\"aligncenter wp-image-174632\" src=\"https:\/\/www.andrina.de\/wp-content\/uploads\/2024\/09\/AdobeStock_73557175-1024x1024.jpeg\" alt=\"\" width=\"471\" height=\"471\" \/><\/p>\n<h4><strong>1. <\/strong><strong>Essig<\/strong><\/h4>\n<p><a href=\"https:\/\/purux.de\/Kaufen\/Essig\/33\/Speiseessig-10-Liter-Tafelessig-aus-Branntwein-Essig-doppelt-konzentriert?partner=b0adb684\">Essig<\/a> ist ein echter Allesk\u00f6nner. Ein Schuss davon ins Weichsp\u00fclerfach wirkt als nat\u00fcrlicher Farbfixierer, bindet \u00fcbersch\u00fcssige Farbstoffe und verhindert, dass sie auf andere Kleidung \u00fcbergehen. Gleichzeitig macht <a href=\"https:\/\/purux.de\/Kaufen\/Essig\/33\/Speiseessig-10-Liter-Tafelessig-aus-Branntwein-Essig-doppelt-konzentriert?partner=b0adb684\">Essig<\/a> die W\u00e4sche weich und ist eine umweltfreundliche Alternative zu chemischen Weichsp\u00fclern.<\/p>\n<p><img decoding=\"async\" loading=\"lazy\" class=\"aligncenter wp-image-174635\" src=\"https:\/\/www.andrina.de\/wp-content\/uploads\/2024\/09\/AdobeStock_408510781-1024x678.jpeg\" alt=\"\" width=\"544\" height=\"360\" srcset=\"https:\/\/www.andrina.de\/wp-content\/uploads\/2024\/09\/AdobeStock_408510781-1024x678.jpeg 1024w, https:\/\/www.andrina.de\/wp-content\/uploads\/2024\/09\/AdobeStock_408510781-300x199.jpeg 300w, https:\/\/www.andrina.de\/wp-content\/uploads\/2024\/09\/AdobeStock_408510781-150x99.jpeg 150w, https:\/\/www.andrina.de\/wp-content\/uploads\/2024\/09\/AdobeStock_408510781-768x509.jpeg 768w, https:\/\/www.andrina.de\/wp-content\/uploads\/2024\/09\/AdobeStock_408510781-1536x1017.jpeg 1536w, https:\/\/www.andrina.de\/wp-content\/uploads\/2024\/09\/AdobeStock_408510781-2048x1357.jpeg 2048w, https:\/\/www.andrina.de\/wp-content\/uploads\/2024\/09\/AdobeStock_408510781-570x378.jpeg 570w\" sizes=\"(max-width: 544px) 100vw, 544px\" \/><\/p>\n<h4><strong>2. Salz<\/strong><\/h4>\n<p><a href=\"https:\/\/purux.de\/Kaufen\/Totes-Meer-Salz\/244\/Totes-Meer-Premiumsalz-Extra-1-kg-Beutel?partner=b0adb684\">Salz<\/a> hilft ebenfalls, Farbstoffe in der Kleidung zu fixieren. Eine halbe Tasse <a href=\"https:\/\/purux.de\/Kaufen\/Totes-Meer-Salz\/244\/Totes-Meer-Premiumsalz-Extra-1-kg-Beutel?partner=b0adb684\">Salz<\/a> in der Waschmaschine verhindert das Ausbluten der Farben, besonders bei neuer oder stark f\u00e4rbender Kleidung.<\/p>\n<h4><strong>3. Natron<\/strong><\/h4>\n<p><a href=\"https:\/\/purux.de\/Kaufen\/Natron\/83\/Natron-Pulver-5kg-1kg-Bonus-Lebensmittelqualitaet-nachhaltig-verpackt?partner=b0adb684\">Natron<\/a> stabilisiert Farben und neutralisiert \u00fcbersch\u00fcssige Farbstoffe. Ein bis zwei Essl\u00f6ffel <a href=\"https:\/\/purux.de\/Kaufen\/Natron\/83\/Natron-Pulver-5kg-1kg-Bonus-Lebensmittelqualitaet-nachhaltig-verpackt?partner=b0adb684\">Natron<\/a> zum Waschmittel geben, um die Farben zu sch\u00fctzen und die W\u00e4sche gr\u00fcndlich zu reinigen.<\/p>\n<p><img decoding=\"async\" loading=\"lazy\" class=\"aligncenter wp-image-38172\" src=\"https:\/\/www.andrina.de\/wp-content\/uploads\/2024\/02\/AdobeStock_62180671-1-1024x681.jpeg\" alt=\"\" width=\"548\" height=\"364\" \/><\/p>\n<h4><strong>4. Farbfangt\u00fccher<\/strong><\/h4>\n<p>Farbfangt\u00fccher sind eine praktische L\u00f6sung gegen das Abf\u00e4rben. Ein selbstgemachtes Farbfangtuch aus einem alten Baumwolltuch, das in einer Natronl\u00f6sung ( 1l Wasser\/2EL <a href=\"https:\/\/purux.de\/Kaufen\/Natron\/83\/Natron-Pulver-5kg-1kg-Bonus-Lebensmittelqualitaet-nachhaltig-verpackt?partner=b0adb684\">Natron<\/a>) eingeweicht und getrocknet wurde, nimmt \u00fcbersch\u00fcssige Farbstoffe auf und verl\u00e4ngert die Lebensdauer deiner Kleidung. Diese Methode ist nachhaltig und reduziert den Einsatz von Einwegprodukten.<\/p>\n<h4><strong>5. Waschen bei niedrigen Temperaturen<\/strong><\/h4>\n<p>Dies ist eine weitere einfache Ma\u00dfnahme. Kaltw\u00e4sche verringert das Ausbluten der Farben, schont die Fasern und spart Energie.<\/p>\n<p>&nbsp;<\/p>\n<p>Diese einfachen Tipps helfen, das Abf\u00e4rben zu verhindern, die Kleidung zu sch\u00fctzen und die Umwelt zu schonen.<\/p>\n<p><img decoding=\"async\" loading=\"lazy\" class=\"wp-image-174636 aligncenter\" src=\"https:\/\/www.andrina.de\/wp-content\/uploads\/2024\/09\/AdobeStock_199305025-1024x683.jpeg\" alt=\"\" width=\"600\" height=\"400\" \/><\/p>\n<div>Mit meinem Rabattcode:\u00a0<strong>andrina.de<\/strong>\u00a0bekommst du\u00a0<strong>5% Rabatt<\/strong>\u00a0auf deine Bestellung!<\/div>\n<div><\/div>\n<div class=\"relative flex h-full flex-1 flex-col\">\n<div class=\"flex w-full items-center\">Ihr m\u00f6chtet keinen Tipp mehr verpassen? Dann meldet euch doch f\u00fcr die\u00a0<a href=\"https:\/\/www.andrina.de\/index.php\/briefe\/\">Briefe von Andrina.de<\/a>\u00a0an. Damit erhaltet ihr einmal im Monat einen virtuellen Brief von uns.<\/div>\n<\/div>\n","protected":false},"excerpt":{"rendered":"<p>Als umweltbewusste Verbraucher achten wir nicht nur darauf, nachhaltige Kleidung zu kaufen, sondern auch darauf, wie wir sie waschen. Denn Nachhaltigkeit h\u00f6rt nicht beim Kauf auf \u2013 auch die richtige Pflege und das schonende waschen verl\u00e4ngern die Lebensdauer unserer Lieblingsst\u00fccke und tun gleichzeitig der Umwelt etwas Gutes. Wer kennt es nicht: Ein neues Kleidungsst\u00fcck f\u00e4rbt [&hellip;]<\/p>\n","protected":false},"author":2,"featured_media":174636,"comment_status":"open","ping_status":"open","sticky":false,"template":"","format":"standard","meta":{"footnotes":""},"categories":[9,278,3,4,272,271,274,1],"tags":[420,421,138,36],"post_format":[],"yoast_head":"<!-- This site is optimized with the Yoast SEO plugin v21.4 - https:\/\/yoast.com\/wordpress\/plugins\/seo\/ -->\n<title>Nachhaltige Tipps gegen das abf\u00e4rben beim waschen! - Andrina.de<\/title>\n<meta name=\"description\" content=\"Einfache und umweltfreundliche Tipps, um das Abf\u00e4rben deiner W\u00e4sche bei waschen zu verhindern und die Lebensdauer zu verl\u00e4ngern.\" \/>\n<meta name=\"robots\" content=\"index, follow, max-snippet:-1, max-image-preview:large, max-video-preview:-1\" \/>\n<link rel=\"canonical\" href=\"https:\/\/www.andrina.de\/index.php\/nachhaltige-tipps-gegen-das-abfaerben-beim-waschen\/\" \/>\n<meta property=\"og:locale\" content=\"de_DE\" \/>\n<meta property=\"og:type\" content=\"article\" \/>\n<meta property=\"og:title\" content=\"Nachhaltige Tipps gegen das abf\u00e4rben beim waschen! - Andrina.de\" \/>\n<meta property=\"og:description\" content=\"Einfache und umweltfreundliche Tipps, um das Abf\u00e4rben deiner W\u00e4sche bei waschen zu verhindern und die Lebensdauer zu verl\u00e4ngern.\" \/>\n<meta property=\"og:url\" content=\"https:\/\/www.andrina.de\/index.php\/nachhaltige-tipps-gegen-das-abfaerben-beim-waschen\/\" \/>\n<meta property=\"og:site_name\" content=\"Andrina.de\" \/>\n<meta property=\"article:published_time\" content=\"2024-09-04T08:56:29+00:00\" \/>\n<meta property=\"article:modified_time\" content=\"2024-09-05T09:30:46+00:00\" \/>\n<meta property=\"og:image\" content=\"https:\/\/www.andrina.de\/wp-content\/uploads\/2024\/09\/AdobeStock_199305025-scaled.jpeg\" \/>\n\t<meta property=\"og:image:width\" content=\"2560\" \/>\n\t<meta property=\"og:image:height\" content=\"1707\" \/>\n\t<meta property=\"og:image:type\" content=\"image\/jpeg\" \/>\n<meta name=\"author\" content=\"Andrea\" \/>\n<meta name=\"twitter:card\" content=\"summary_large_image\" \/>\n<meta name=\"twitter:label1\" content=\"Written by\" \/>\n\t<meta name=\"twitter:data1\" content=\"Andrea\" \/>\n\t<meta name=\"twitter:label2\" content=\"Est. reading time\" \/>\n\t<meta name=\"twitter:data2\" content=\"3 minutes\" \/>\n<script type=\"application\/ld+json\" class=\"yoast-schema-graph\">{\"@context\":\"https:\/\/schema.org\",\"@graph\":[{\"@type\":\"Article\",\"@id\":\"https:\/\/www.andrina.de\/index.php\/nachhaltige-tipps-gegen-das-abfaerben-beim-waschen\/#article\",\"isPartOf\":{\"@id\":\"https:\/\/www.andrina.de\/index.php\/nachhaltige-tipps-gegen-das-abfaerben-beim-waschen\/\"},\"author\":{\"name\":\"Andrea\",\"@id\":\"https:\/\/www.andrina.de\/#\/schema\/person\/f274a8f7ace93f1eb49f0b5601c26b12\"},\"headline\":\"Nachhaltige Tipps gegen das abf\u00e4rben beim waschen!\",\"datePublished\":\"2024-09-04T08:56:29+00:00\",\"dateModified\":\"2024-09-05T09:30:46+00:00\",\"mainEntityOfPage\":{\"@id\":\"https:\/\/www.andrina.de\/index.php\/nachhaltige-tipps-gegen-das-abfaerben-beim-waschen\/\"},\"wordCount\":350,\"commentCount\":0,\"publisher\":{\"@id\":\"https:\/\/www.andrina.de\/#organization\"},\"keywords\":[\"Abf\u00e4rben\",\"Farbfangt\u00fccher\",\"W\u00e4sche\",\"Waschen\"],\"articleSection\":[\"Artikel\",\"Essig\",\"Haushaltstipps\",\"Hausmittel\",\"Natron\",\"Tipps\",\"Totes Meer Salz\"],\"inLanguage\":\"de\",\"potentialAction\":[{\"@type\":\"CommentAction\",\"name\":\"Comment\",\"target\":[\"https:\/\/www.andrina.de\/index.php\/nachhaltige-tipps-gegen-das-abfaerben-beim-waschen\/#respond\"]}]},{\"@type\":\"WebPage\",\"@id\":\"https:\/\/www.andrina.de\/index.php\/nachhaltige-tipps-gegen-das-abfaerben-beim-waschen\/\",\"url\":\"https:\/\/www.andrina.de\/index.php\/nachhaltige-tipps-gegen-das-abfaerben-beim-waschen\/\",\"name\":\"Nachhaltige Tipps gegen das abf\u00e4rben beim waschen! - Andrina.de\",\"isPartOf\":{\"@id\":\"https:\/\/www.andrina.de\/#website\"},\"datePublished\":\"2024-09-04T08:56:29+00:00\",\"dateModified\":\"2024-09-05T09:30:46+00:00\",\"description\":\"Einfache und umweltfreundliche Tipps, um das Abf\u00e4rben deiner W\u00e4sche bei waschen zu verhindern und die Lebensdauer zu verl\u00e4ngern.\",\"breadcrumb\":{\"@id\":\"https:\/\/www.andrina.de\/index.php\/nachhaltige-tipps-gegen-das-abfaerben-beim-waschen\/#breadcrumb\"},\"inLanguage\":\"de\",\"potentialAction\":[{\"@type\":\"ReadAction\",\"target\":[\"https:\/\/www.andrina.de\/index.php\/nachhaltige-tipps-gegen-das-abfaerben-beim-waschen\/\"]}]},{\"@type\":\"BreadcrumbList\",\"@id\":\"https:\/\/www.andrina.de\/index.php\/nachhaltige-tipps-gegen-das-abfaerben-beim-waschen\/#breadcrumb\",\"itemListElement\":[{\"@type\":\"ListItem\",\"position\":1,\"name\":\"Home\",\"item\":\"https:\/\/www.andrina.de\/\"},{\"@type\":\"ListItem\",\"position\":2,\"name\":\"Nachhaltige Tipps gegen das abf\u00e4rben beim waschen!\"}]},{\"@type\":\"WebSite\",\"@id\":\"https:\/\/www.andrina.de\/#website\",\"url\":\"https:\/\/www.andrina.de\/\",\"name\":\"Andrina.de\",\"description\":\"Blogazine gesponsert von purux\",\"publisher\":{\"@id\":\"https:\/\/www.andrina.de\/#organization\"},\"potentialAction\":[{\"@type\":\"SearchAction\",\"target\":{\"@type\":\"EntryPoint\",\"urlTemplate\":\"https:\/\/www.andrina.de\/?s={search_term_string}\"},\"query-input\":\"required name=search_term_string\"}],\"inLanguage\":\"de\"},{\"@type\":\"Organization\",\"@id\":\"https:\/\/www.andrina.de\/#organization\",\"name\":\"Andrina.de\",\"url\":\"https:\/\/www.andrina.de\/\",\"logo\":{\"@type\":\"ImageObject\",\"inLanguage\":\"de\",\"@id\":\"https:\/\/www.andrina.de\/#\/schema\/logo\/image\/\",\"url\":\"https:\/\/www.andrina.de\/wp-content\/uploads\/2020\/09\/cropped-Andrina.de_Logo_final-2.png\",\"contentUrl\":\"https:\/\/www.andrina.de\/wp-content\/uploads\/2020\/09\/cropped-Andrina.de_Logo_final-2.png\",\"width\":1042,\"height\":984,\"caption\":\"Andrina.de\"},\"image\":{\"@id\":\"https:\/\/www.andrina.de\/#\/schema\/logo\/image\/\"}},{\"@type\":\"Person\",\"@id\":\"https:\/\/www.andrina.de\/#\/schema\/person\/f274a8f7ace93f1eb49f0b5601c26b12\",\"name\":\"Andrea\",\"image\":{\"@type\":\"ImageObject\",\"inLanguage\":\"de\",\"@id\":\"https:\/\/www.andrina.de\/#\/schema\/person\/image\/\",\"url\":\"https:\/\/secure.gravatar.com\/avatar\/2834dcd6bfff12c55bf81682f16c1fb0?s=96&d=blank&r=g\",\"contentUrl\":\"https:\/\/secure.gravatar.com\/avatar\/2834dcd6bfff12c55bf81682f16c1fb0?s=96&d=blank&r=g\",\"caption\":\"Andrea\"},\"description\":\"Autorin, Fotografin, Social Media Spezialistin.\",\"url\":\"https:\/\/www.andrina.de\/index.php\/author\/andrina\/\"}]}<\/script>\n<!-- \/ Yoast SEO plugin. -->","yoast_head_json":{"title":"Nachhaltige Tipps gegen das abf\u00e4rben beim waschen! - Andrina.de","description":"Einfache und umweltfreundliche Tipps, um das Abf\u00e4rben deiner W\u00e4sche bei waschen zu verhindern und die Lebensdauer zu verl\u00e4ngern.","robots":{"index":"index","follow":"follow","max-snippet":"max-snippet:-1","max-image-preview":"max-image-preview:large","max-video-preview":"max-video-preview:-1"},"canonical":"https:\/\/www.andrina.de\/index.php\/nachhaltige-tipps-gegen-das-abfaerben-beim-waschen\/","og_locale":"de_DE","og_type":"article","og_title":"Nachhaltige Tipps gegen das abf\u00e4rben beim waschen! - Andrina.de","og_description":"Einfache und umweltfreundliche Tipps, um das Abf\u00e4rben deiner W\u00e4sche bei waschen zu verhindern und die Lebensdauer zu verl\u00e4ngern.","og_url":"https:\/\/www.andrina.de\/index.php\/nachhaltige-tipps-gegen-das-abfaerben-beim-waschen\/","og_site_name":"Andrina.de","article_published_time":"2024-09-04T08:56:29+00:00","article_modified_time":"2024-09-05T09:30:46+00:00","og_image":[{"width":2560,"height":1707,"url":"https:\/\/www.andrina.de\/wp-content\/uploads\/2024\/09\/AdobeStock_199305025-scaled.jpeg","type":"image\/jpeg"}],"author":"Andrea","twitter_card":"summary_large_image","twitter_misc":{"Written by":"Andrea","Est. reading time":"3 minutes"},"schema":{"@context":"https:\/\/schema.org","@graph":[{"@type":"Article","@id":"https:\/\/www.andrina.de\/index.php\/nachhaltige-tipps-gegen-das-abfaerben-beim-waschen\/#article","isPartOf":{"@id":"https:\/\/www.andrina.de\/index.php\/nachhaltige-tipps-gegen-das-abfaerben-beim-waschen\/"},"author":{"name":"Andrea","@id":"https:\/\/www.andrina.de\/#\/schema\/person\/f274a8f7ace93f1eb49f0b5601c26b12"},"headline":"Nachhaltige Tipps gegen das abf\u00e4rben beim waschen!","datePublished":"2024-09-04T08:56:29+00:00","dateModified":"2024-09-05T09:30:46+00:00","mainEntityOfPage":{"@id":"https:\/\/www.andrina.de\/index.php\/nachhaltige-tipps-gegen-das-abfaerben-beim-waschen\/"},"wordCount":350,"commentCount":0,"publisher":{"@id":"https:\/\/www.andrina.de\/#organization"},"keywords":["Abf\u00e4rben","Farbfangt\u00fccher","W\u00e4sche","Waschen"],"articleSection":["Artikel","Essig","Haushaltstipps","Hausmittel","Natron","Tipps","Totes Meer Salz"],"inLanguage":"de","potentialAction":[{"@type":"CommentAction","name":"Comment","target":["https:\/\/www.andrina.de\/index.php\/nachhaltige-tipps-gegen-das-abfaerben-beim-waschen\/#respond"]}]},{"@type":"WebPage","@id":"https:\/\/www.andrina.de\/index.php\/nachhaltige-tipps-gegen-das-abfaerben-beim-waschen\/","url":"https:\/\/www.andrina.de\/index.php\/nachhaltige-tipps-gegen-das-abfaerben-beim-waschen\/","name":"Nachhaltige Tipps gegen das abf\u00e4rben beim waschen! - Andrina.de","isPartOf":{"@id":"https:\/\/www.andrina.de\/#website"},"datePublished":"2024-09-04T08:56:29+00:00","dateModified":"2024-09-05T09:30:46+00:00","description":"Einfache und umweltfreundliche Tipps, um das Abf\u00e4rben deiner W\u00e4sche bei waschen zu verhindern und die Lebensdauer zu verl\u00e4ngern.","breadcrumb":{"@id":"https:\/\/www.andrina.de\/index.php\/nachhaltige-tipps-gegen-das-abfaerben-beim-waschen\/#breadcrumb"},"inLanguage":"de","potentialAction":[{"@type":"ReadAction","target":["https:\/\/www.andrina.de\/index.php\/nachhaltige-tipps-gegen-das-abfaerben-beim-waschen\/"]}]},{"@type":"BreadcrumbList","@id":"https:\/\/www.andrina.de\/index.php\/nachhaltige-tipps-gegen-das-abfaerben-beim-waschen\/#breadcrumb","itemListElement":[{"@type":"ListItem","position":1,"name":"Home","item":"https:\/\/www.andrina.de\/"},{"@type":"ListItem","position":2,"name":"Nachhaltige Tipps gegen das abf\u00e4rben beim waschen!"}]},{"@type":"WebSite","@id":"https:\/\/www.andrina.de\/#website","url":"https:\/\/www.andrina.de\/","name":"Andrina.de","description":"Blogazine gesponsert von purux","publisher":{"@id":"https:\/\/www.andrina.de\/#organization"},"potentialAction":[{"@type":"SearchAction","target":{"@type":"EntryPoint","urlTemplate":"https:\/\/www.andrina.de\/?s={search_term_string}"},"query-input":"required name=search_term_string"}],"inLanguage":"de"},{"@type":"Organization","@id":"https:\/\/www.andrina.de\/#organization","name":"Andrina.de","url":"https:\/\/www.andrina.de\/","logo":{"@type":"ImageObject","inLanguage":"de","@id":"https:\/\/www.andrina.de\/#\/schema\/logo\/image\/","url":"https:\/\/www.andrina.de\/wp-content\/uploads\/2020\/09\/cropped-Andrina.de_Logo_final-2.png","contentUrl":"https:\/\/www.andrina.de\/wp-content\/uploads\/2020\/09\/cropped-Andrina.de_Logo_final-2.png","width":1042,"height":984,"caption":"Andrina.de"},"image":{"@id":"https:\/\/www.andrina.de\/#\/schema\/logo\/image\/"}},{"@type":"Person","@id":"https:\/\/www.andrina.de\/#\/schema\/person\/f274a8f7ace93f1eb49f0b5601c26b12","name":"Andrea","image":{"@type":"ImageObject","inLanguage":"de","@id":"https:\/\/www.andrina.de\/#\/schema\/person\/image\/","url":"https:\/\/secure.gravatar.com\/avatar\/2834dcd6bfff12c55bf81682f16c1fb0?s=96&d=blank&r=g","contentUrl":"https:\/\/secure.gravatar.com\/avatar\/2834dcd6bfff12c55bf81682f16c1fb0?s=96&d=blank&r=g","caption":"Andrea"},"description":"Autorin, Fotografin, Social Media Spezialistin.","url":"https:\/\/www.andrina.de\/index.php\/author\/andrina\/"}]}},"_edit_lock":"1761128742:1","_edit_last":"1","layout_key":"","post_slider_check_key":"0","yarpp_meta":{"yarpp_display_for_this_post":1},"_yoast_wpseo_content_score":"90","_yoast_wpseo_estimated-reading-time-minutes":"3","tc-thumb-fld":{"_thumb_id":174636,"_thumb_type":"thumb"},"fpu-thumb-fld":{"_thumb_id":174636,"_thumb_type":"thumb"},"_yoast_wpseo_focuskw":"waschen","_yoast_wpseo_metadesc":"Einfache und umweltfreundliche Tipps, um das Abf\u00e4rben deiner W\u00e4sche bei waschen zu verhindern und die Lebensdauer zu verl\u00e4ngern.","_yoast_wpseo_linkdex":"78","_yoast_wpseo_primary_category":"1","_thumbnail_id":"174636","_yoast_wpseo_wordproof_timestamp":"","_wp_old_date":"","_wp_old_slug":"","_yoast_wpseo_opengraph-image":"","_yoast_wpseo_opengraph-image-id":"","_yoast_wpseo_opengraph-title":"","_yoast_wpseo_opengraph-description":"","_yoast_wpseo_twitter-title":"","_yoast_wpseo_twitter-description":"","_oembed_cafb4eaa37915e2e85b1cdc01d543c63":"","_oembed_52de83b8f720eae89a85856717ec5546":"","_oembed_2d9fa4a87eea7049212c1880eff5a92e":"","_yoast_wpseo_title":"","_links":{"self":[{"href":"https:\/\/www.andrina.de\/index.php\/wp-json\/wp\/v2\/posts\/174305"}],"collection":[{"href":"https:\/\/www.andrina.de\/index.php\/wp-json\/wp\/v2\/posts"}],"about":[{"href":"https:\/\/www.andrina.de\/index.php\/wp-json\/wp\/v2\/types\/post"}],"author":[{"embeddable":true,"href":"https:\/\/www.andrina.de\/index.php\/wp-json\/wp\/v2\/users\/2"}],"replies":[{"embeddable":true,"href":"https:\/\/www.andrina.de\/index.php\/wp-json\/wp\/v2\/comments?post=174305"}],"version-history":[{"count":15,"href":"https:\/\/www.andrina.de\/index.php\/wp-json\/wp\/v2\/posts\/174305\/revisions"}],"predecessor-version":[{"id":174715,"href":"https:\/\/www.andrina.de\/index.php\/wp-json\/wp\/v2\/posts\/174305\/revisions\/174715"}],"wp:featuredmedia":[{"embeddable":true,"href":"https:\/\/www.andrina.de\/index.php\/wp-json\/wp\/v2\/media\/174636"}],"wp:attachment":[{"href":"https:\/\/www.andrina.de\/index.php\/wp-json\/wp\/v2\/media?parent=174305"}],"wp:term":[{"taxonomy":"category","embeddable":true,"href":"https:\/\/www.andrina.de\/index.php\/wp-json\/wp\/v2\/categories?post=174305"},{"taxonomy":"post_tag","embeddable":true,"href":"https:\/\/www.andrina.de\/index.php\/wp-json\/wp\/v2\/tags?post=174305"},{"taxonomy":"post_format","embeddable":true,"href":"https:\/\/www.andrina.de\/index.php\/wp-json\/wp\/v2\/post_format?post=174305"}],"curies":[{"name":"wp","href":"https:\/\/api.w.org\/{rel}","templated":true}]}}